{"id":101,"date":"2020-09-20T10:51:26","date_gmt":"2020-09-20T07:51:26","guid":{"rendered":"https:\/\/esmeraylaw.com\/tr\/?p=101"},"modified":"2020-10-27T17:56:38","modified_gmt":"2020-10-27T14:56:38","slug":"vergi-hukuku","status":"publish","type":"post","link":"https:\/\/esmeraylaw.com\/tr\/vergi-hukuku\/","title":{"rendered":"Vergi Hukuku"},"content":{"rendered":"<p>[vc_row][vc_column][vc_column_text]<\/p>\n<p style=\"text-align: justify;\">Vergi evrensel bir m\u00fcessesedir. Vergi, h\u00fckumetler i\u00e7in en \u00f6nemli gelir kayna\u011f\u0131 oldu\u011fundan, hi\u00e7bir h\u00fckumet, vergi olmadan \u00fclke y\u00f6netimini s\u00fcrd\u00fcremez. Vergi al\u0131nmas\u0131nda as\u0131l ama\u00e7, \u00fclkenin geli\u015fmesi, b\u00fcy\u00fcmesi ve ilerleyebilmesi i\u00e7in yap\u0131lacak yat\u0131r\u0131mlara kaynak yaratmakt\u0131r. \u00a0Etkin bir vergi sistemi, her \u00fclke i\u00e7in kamu finansman\u0131n\u0131n geli\u015ftirilmesi a\u00e7\u0131s\u0131ndan hayati \u00f6neme sahiptir.<\/p>\n<p style=\"text-align: justify;\">T\u00fcrkiye\u2019de vergi sisteminde, vergi tahsilinin kolayla\u015ft\u0131r\u0131larak bu sayede vergi gelirinin art\u0131r\u0131lmas\u0131, kay\u0131t d\u0131\u015f\u0131l\u0131\u011f\u0131n azalt\u0131lmas\u0131 ve vergi sisteminin iyile\u015ftirilmesi amac\u0131yla son on y\u0131lda \u00e7ok say\u0131da de\u011fi\u015fiklikler yap\u0131lm\u0131\u015ft\u0131r. Gelir \u0130daresi Ba\u015fkanl\u0131\u011f\u0131n\u0131n verilerine g\u00f6re, 2015 Y\u0131l\u0131 B\u00fct\u00e7e Kanununda net vergi gelirleri hedefi 389 Milyar 501 Milyon TL olarak belirlenmi\u015f, net vergi gelirleri, hedefin 17 milyar 974 milyon TL \u00fcst\u00fcnde ger\u00e7ekle\u015ferek, 407 milyar 475 milyon TL olmu\u015ftur.<\/p>\n<p style=\"text-align: justify;\">Son 10 y\u0131ll\u0131k s\u00fcre zarf\u0131nda, T\u00fcrkiye\u2019de vergi sisteminde hem do\u011frudan hem dolayl\u0131 vergiler a\u00e7\u0131s\u0131ndan \u00f6nemli de\u011fi\u015fiklikler ya\u015fanm\u0131\u015ft\u0131r. Vergi sisteminde yap\u0131sal de\u011fi\u015fikliklere gidilmi\u015ftir. Bunun yan\u0131 s\u0131ra, t\u00fcm vergi \u00e7e\u015fitlerinde oranlar ve bu vergilerle ili\u015fkili mevzuat k\u00f6kten de\u011fi\u015ftirilmi\u015ftir.<\/p>\n<p style=\"text-align: justify;\">T\u00fcrkiye\u2019de vergi sistemini \u00fc\u00e7 ana kategoriye ay\u0131rmak m\u00fcmk\u00fcnd\u00fcr:<\/p>\n<ol style=\"text-align: justify;\" start=\"1\">\n<li><strong>Gelir Vergileri<\/strong><\/li>\n<\/ol>\n<ul style=\"text-align: justify;\">\n<li>Bireylerin gelir \u00fczerinden al\u0131nan vergiler:<\/li>\n<\/ul>\n<p style=\"text-align: justify;\">Bireylerin gelirlerini \u015fu unsurlardan bir veya daha fazlas\u0131 olu\u015fturabilir; ticari faaliyetlerden elde edilen kazan\u00e7lar, zirai faaliyetlerden elde edilen kazan\u00e7lar, maa\u015f ve \u00fccretler, serbest meslek kazan\u00e7lar\u0131, ta\u015f\u0131nmaz mal ve haklardan elde edilen gelirler (kira geliri), ta\u015f\u0131n\u0131r mallardan elde edilen gelirler (hisse senedi al\u0131m-sat\u0131m\u0131ndan elde edilen gelirler), sair kazan\u00e7 ve gelirler.<\/p>\n<ul style=\"text-align: justify;\">\n<li>\u015eirket gelirlerinden al\u0131nan vergiler:<\/li>\n<\/ul>\n<p style=\"text-align: justify;\">\u015eirketler taraf\u0131ndan elde edilen ve vergilendirme d\u0131\u015f\u0131nda veya te\u015fvik kapsam\u0131nda tutulmam\u0131\u015f t\u00fcm gelirler (hisse senedi al\u0131m-sat\u0131m\u0131ndan elde edilen gelirlerde d\u00e2hil) kurumlar vergisine tabidir. \u015eirketlerin gelirlerini \u015fu unsurlardan bir veya daha fazlas\u0131 olu\u015fturabilir; ticari faaliyetlerden elde edilen kazan\u00e7lar, zirai faaliyetlerden elde edilen kazan\u00e7lar, \u00fccretler, serbest meslek kazan\u00e7lar\u0131, ta\u015f\u0131nmaz mal ve haklardan elde edilen gelirler (kira geliri), ta\u015f\u0131n\u0131r mallardan elde edilen gelirler (hisse senedi al\u0131m-sat\u0131m\u0131ndan elde edilen gelirler), sair kazan\u00e7 ve gelirler.<\/p>\n<p style=\"text-align: justify;\">Bu unsurlar\u0131n tamam\u0131 kurum kazanc\u0131 say\u0131l\u0131p verginin matrah\u0131n\u0131 meydana getirir. Kurumlar vergisi yukar\u0131da belirtilen ve ger\u00e7ekle\u015fen kazan\u00e7lardan indirimler (zararlar, ba\u011f\u0131\u015f ve yard\u0131mlar) d\u00fc\u015f\u00fcld\u00fckten sonra kalan k\u0131s\u0131m \u00fczerinden kanunen belirlenen vergi oran\u0131n uygulanmas\u0131 ile hesaplan\u0131r. 21 Haziran 2006 tarih ve 26205 say\u0131l\u0131 Resmi Gazeteyle ilan edilen 5520 say\u0131l\u0131 yeni Kurumlar Vergisi Kanunun 32. maddesi ile Kurumlar Vergisi oran\u0131 %30\u2019dan %20\u2019ye indirilmi\u015ftir.<\/p>\n<ol style=\"text-align: justify;\" start=\"2\">\n<li><strong>Gider ve Hizmet<\/strong> <strong>\u00dczerinden<\/strong> <strong>Al\u0131nan<\/strong> <strong>Vergiler<\/strong><\/li>\n<\/ol>\n<p style=\"text-align: justify;\">Bu gruptaki vergiler her t\u00fcrl\u00fc harcamalar\u0131n ger\u00e7ekle\u015fmesi durumunda harcama esnas\u0131nda al\u0131n\u0131r. Bu vergiler t\u00fcketici a\u00e7\u0131s\u0131ndan ka\u00e7\u0131n\u0131lmas\u0131 m\u00fcmk\u00fcn olmayan ya da ka\u00e7ak\u00e7\u0131l\u0131\u011f\u0131 m\u00fcmk\u00fcn olmayan vergilerdir. T\u00fcketici sat\u0131n ald\u0131\u011f\u0131 her t\u00fcrl\u00fc mal ve hizmetlerinin kar\u015f\u0131l\u0131\u011f\u0131nda s\u00f6z konusu vergileri \u00f6demektedir. Bu vergileri; Katma De\u011fer Vergisi (KDV), Banka ve Sigorta Muameleleri Vergisi (BSMV), har\u00e7lar ve Damga Vergisi olu\u015fturur.<\/p>\n<ol style=\"text-align: justify;\" start=\"3\">\n<li><strong>Servet \u00dczerinden Al\u0131nan Vergiler<\/strong><\/li>\n<\/ol>\n<p style=\"text-align: justify;\">Ger\u00e7ek veya t\u00fczel ki\u015filerin sahip olduklar\u0131 varl\u0131klar \u00fczerinden al\u0131nan vergilerdir. Servet \u00fczerinden al\u0131nan vergiler; motorlu ta\u015f\u0131tlar vergisi, veraset ve intikal vergisi ve emlak vergisinden olu\u015fur.<\/p>\n<p style=\"text-align: justify;\">Ticari aktiviteler ve projelerde vergi verimlili\u011finin sa\u011flanmas\u0131 maliyeti azaltt\u0131\u011f\u0131ndan ve bu \u015fekilde aksi halde zarar edilecek aktivite ve projeler bile ekonomik olarak karl\u0131 birer ticari faaliyete d\u00f6n\u00fc\u015ft\u00fcr\u00fclebildi\u011finden, verginin her t\u00fcrl\u00fc ticari faaliyette \u00f6nemli bir rol\u00fc vard\u0131r.<\/p>\n<p style=\"text-align: justify;\">Esmeray Hukuk B\u00fcrosu bu karma\u015f\u0131k alana ili\u015fkin engin bilgi birikimine ve tecr\u00fcbeye sahip olup; \u00a0geni\u015f i\u015f ortakl\u0131\u011f\u0131 a\u011f\u0131 ile m\u00fcvekkillerine T\u00fcrkiye\u2019de ki ve d\u00fcnyadaki vergi sistemi konular\u0131nda g\u00fcvenilir ve etkin \u00e7\u00f6z\u00fcmler sunmaktad\u0131r.<\/p>\n<p style=\"text-align: justify;\">Esmeray Hukuk B\u00fcrosu olarak m\u00fcvekkillerimize ulusal ve uluslararas\u0131 vergi sistemleri, vergi planlamas\u0131 ve vergi uyu\u015fmazl\u0131klar\u0131 konular\u0131nda hizmet vermekteyiz. \u00a0Vergi konusunda sundu\u011fumuz hizmetler \u015funlar\u0131 i\u00e7ermektedir;<\/p>\n<ul>\n<li style=\"text-align: justify;\">Hazine, Gelir \u0130daresi Ba\u015fkanl\u0131\u011f\u0131, vergi daireleri ile ya\u015fad\u0131klar\u0131 ihtilaflarda M\u00fcvekkillerimize dan\u0131\u015fmanl\u0131k yapmak, vergi mahkemelerinde m\u00fcvekkillerimizi temsilen davalar a\u00e7mak, a\u00e7\u0131lm\u0131\u015f davalar\u0131 y\u00fcr\u00fctmek, sonu\u00e7land\u0131rmak;<\/li>\n<li style=\"text-align: justify;\">M\u00fcvekkillerimizin, \u015firket sat\u0131nal\u0131mlar\u0131 ve birle\u015fmeler, yap\u0131land\u0131rmalar, ta\u015f\u0131nmaz al\u0131m-sat\u0131mlar\u0131 da d\u00e2hil uluslararas\u0131 yat\u0131r\u0131mlar\u0131 ile ba\u011flant\u0131l\u0131 vergisel konularda dan\u0131\u015fmanl\u0131k yapmak;<\/li>\n<li style=\"text-align: justify;\">Uluslararas\u0131 ithalat-ihracat da dahil olmak \u00fczere ticaret sekt\u00f6rlerinde, ulusal ve uluslararas\u0131 vergi hukukunun uygulanmas\u0131na ili\u015fkin konularda dan\u0131\u015fmanl\u0131k yapmak;<\/li>\n<li style=\"text-align: justify;\">\u00d6zellikle yat\u0131r\u0131m projelerinin icras\u0131 ile ba\u011flant\u0131l\u0131 vergi konular\u0131nda dan\u0131\u015fmanl\u0131k vermek;<\/li>\n<li style=\"text-align: justify;\">Vergi mevzuat\u0131 ile ilgili dan\u0131\u015fmanl\u0131k yapmak,<\/li>\n<li style=\"text-align: justify;\">M\u00fcvekkillerimizi etkileyen \u00e7e\u015fitli vergi konular\u0131nda dan\u0131\u015fmanl\u0131k hizmeti sunmak.<\/li>\n<\/ul>\n<p>[\/vc_column_text][\/vc_column][\/vc_row]<\/p>\n","protected":false},"excerpt":{"rendered":"<p>[vc_row][vc_column][vc_column_text] Vergi evrensel bir m\u00fcessesedir. Vergi, h\u00fckumetler i\u00e7in en \u00f6nemli gelir kayna\u011f\u0131 oldu\u011fundan, hi\u00e7bir h\u00fckumet, vergi olmadan \u00fclke y\u00f6netimini s\u00fcrd\u00fcremez. Vergi al\u0131nmas\u0131nda as\u0131l ama\u00e7, \u00fclkenin geli\u015fmesi,<span class=\"excerpt-hellip\"> [\u2026]<\/span><\/p>\n","protected":false},"author":1,"featured_media":0,"comment_status":"closed","ping_status":"closed","sticky":false,"template":"","format":"standard","meta":{"footnotes":""},"categories":[4],"tags":[],"class_list":["post-101","post","type-post","status-publish","format-standard","hentry","category-faaliyet-alanlari"],"yoast_head":"<!-- This site is optimized with the Yoast SEO plugin v27.5 - https:\/\/yoast.com\/product\/yoast-seo-wordpress\/ -->\n<title>Vergi Hukuku - Esmeray Hukuk B\u00fcrosu<\/title>\n<meta name=\"description\" content=\"Esmeray Hukuk B\u00fcrosu vergi hukuku alan\u0131na ili\u015fkin engin bilgi birikimine ve tecr\u00fcbeye sahip olup; geni\u015f i\u015f ortakl\u0131\u011f\u0131 a\u011f\u0131 ile m\u00fcvekkillerine T\u00fcrkiye\u2019de ki ve d\u00fcnyadaki vergi sistemi konular\u0131nda g\u00fcvenilir ve etkin \u00e7\u00f6z\u00fcmler sunmaktad\u0131r.\" \/>\n<meta name=\"robots\" content=\"index, follow, max-snippet:-1, max-image-preview:large, max-video-preview:-1\" \/>\n<link rel=\"canonical\" href=\"https:\/\/esmeraylaw.com\/tr\/vergi-hukuku\/\" \/>\n<meta property=\"og:locale\" content=\"tr_TR\" \/>\n<meta property=\"og:type\" content=\"article\" \/>\n<meta property=\"og:title\" content=\"Vergi Hukuku - Esmeray Hukuk B\u00fcrosu\" \/>\n<meta property=\"og:description\" content=\"Esmeray Hukuk B\u00fcrosu vergi hukuku alan\u0131na ili\u015fkin engin bilgi birikimine ve tecr\u00fcbeye sahip olup; geni\u015f i\u015f ortakl\u0131\u011f\u0131 a\u011f\u0131 ile m\u00fcvekkillerine T\u00fcrkiye\u2019de ki ve d\u00fcnyadaki vergi sistemi konular\u0131nda g\u00fcvenilir ve etkin \u00e7\u00f6z\u00fcmler sunmaktad\u0131r.\" \/>\n<meta property=\"og:url\" content=\"https:\/\/esmeraylaw.com\/tr\/vergi-hukuku\/\" \/>\n<meta property=\"og:site_name\" content=\"Esmeray Hukuk B\u00fcrosu\" \/>\n<meta property=\"article:publisher\" content=\"https:\/\/www.facebook.com\/esmeraylaw\" \/>\n<meta property=\"article:published_time\" content=\"2020-09-20T07:51:26+00:00\" \/>\n<meta property=\"article:modified_time\" content=\"2020-10-27T14:56:38+00:00\" \/>\n<meta property=\"og:image\" content=\"https:\/\/esmeraylaw.com\/tr\/wp-content\/uploads\/2020\/09\/logo.jpg\" \/>\n\t<meta property=\"og:image:width\" content=\"122\" \/>\n\t<meta property=\"og:image:height\" content=\"65\" \/>\n\t<meta property=\"og:image:type\" content=\"image\/jpeg\" \/>\n<meta name=\"author\" content=\"eslaw2020\" \/>\n<meta name=\"twitter:card\" content=\"summary_large_image\" \/>\n<meta name=\"twitter:creator\" content=\"@EsmerayLaw\" \/>\n<meta name=\"twitter:site\" content=\"@EsmerayLaw\" \/>\n<meta name=\"twitter:label1\" content=\"Yazan:\" \/>\n\t<meta name=\"twitter:data1\" content=\"eslaw2020\" \/>\n\t<meta name=\"twitter:label2\" content=\"Tahmini okuma s\u00fcresi\" \/>\n\t<meta name=\"twitter:data2\" content=\"4 dakika\" \/>\n<script type=\"application\/ld+json\" class=\"yoast-schema-graph\">{\"@context\":\"https:\\\/\\\/schema.org\",\"@graph\":[{\"@type\":\"Article\",\"@id\":\"https:\\\/\\\/esmeraylaw.com\\\/tr\\\/vergi-hukuku\\\/#article\",\"isPartOf\":{\"@id\":\"https:\\\/\\\/esmeraylaw.com\\\/tr\\\/vergi-hukuku\\\/\"},\"author\":{\"name\":\"eslaw2020\",\"@id\":\"https:\\\/\\\/esmeraylaw.com\\\/tr\\\/#\\\/schema\\\/person\\\/c09bb716238b146e93cb9cda4a633e80\"},\"headline\":\"Vergi Hukuku\",\"datePublished\":\"2020-09-20T07:51:26+00:00\",\"dateModified\":\"2020-10-27T14:56:38+00:00\",\"mainEntityOfPage\":{\"@id\":\"https:\\\/\\\/esmeraylaw.com\\\/tr\\\/vergi-hukuku\\\/\"},\"wordCount\":861,\"publisher\":{\"@id\":\"https:\\\/\\\/esmeraylaw.com\\\/tr\\\/#organization\"},\"articleSection\":[\"Faaliyet Alanlar\u0131\"],\"inLanguage\":\"tr\"},{\"@type\":\"WebPage\",\"@id\":\"https:\\\/\\\/esmeraylaw.com\\\/tr\\\/vergi-hukuku\\\/\",\"url\":\"https:\\\/\\\/esmeraylaw.com\\\/tr\\\/vergi-hukuku\\\/\",\"name\":\"Vergi Hukuku - Esmeray Hukuk B\u00fcrosu\",\"isPartOf\":{\"@id\":\"https:\\\/\\\/esmeraylaw.com\\\/tr\\\/#website\"},\"datePublished\":\"2020-09-20T07:51:26+00:00\",\"dateModified\":\"2020-10-27T14:56:38+00:00\",\"description\":\"Esmeray Hukuk B\u00fcrosu vergi hukuku alan\u0131na ili\u015fkin engin bilgi birikimine ve tecr\u00fcbeye sahip olup; geni\u015f i\u015f ortakl\u0131\u011f\u0131 a\u011f\u0131 ile m\u00fcvekkillerine T\u00fcrkiye\u2019de ki ve d\u00fcnyadaki vergi sistemi konular\u0131nda g\u00fcvenilir ve etkin \u00e7\u00f6z\u00fcmler sunmaktad\u0131r.\",\"breadcrumb\":{\"@id\":\"https:\\\/\\\/esmeraylaw.com\\\/tr\\\/vergi-hukuku\\\/#breadcrumb\"},\"inLanguage\":\"tr\",\"potentialAction\":[{\"@type\":\"ReadAction\",\"target\":[\"https:\\\/\\\/esmeraylaw.com\\\/tr\\\/vergi-hukuku\\\/\"]}]},{\"@type\":\"BreadcrumbList\",\"@id\":\"https:\\\/\\\/esmeraylaw.com\\\/tr\\\/vergi-hukuku\\\/#breadcrumb\",\"itemListElement\":[{\"@type\":\"ListItem\",\"position\":1,\"name\":\"Ana sayfa\",\"item\":\"https:\\\/\\\/esmeraylaw.com\\\/tr\\\/\"},{\"@type\":\"ListItem\",\"position\":2,\"name\":\"Vergi Hukuku\"}]},{\"@type\":\"WebSite\",\"@id\":\"https:\\\/\\\/esmeraylaw.com\\\/tr\\\/#website\",\"url\":\"https:\\\/\\\/esmeraylaw.com\\\/tr\\\/\",\"name\":\"Esmeray Hukuk B\u00fcrosu\",\"description\":\"Ticaret Hukuku Avukat\u0131\",\"publisher\":{\"@id\":\"https:\\\/\\\/esmeraylaw.com\\\/tr\\\/#organization\"},\"potentialAction\":[{\"@type\":\"SearchAction\",\"target\":{\"@type\":\"EntryPoint\",\"urlTemplate\":\"https:\\\/\\\/esmeraylaw.com\\\/tr\\\/?s={search_term_string}\"},\"query-input\":{\"@type\":\"PropertyValueSpecification\",\"valueRequired\":true,\"valueName\":\"search_term_string\"}}],\"inLanguage\":\"tr\"},{\"@type\":\"Organization\",\"@id\":\"https:\\\/\\\/esmeraylaw.com\\\/tr\\\/#organization\",\"name\":\"Esmeray Hukuk B\u00fcrosu\",\"url\":\"https:\\\/\\\/esmeraylaw.com\\\/tr\\\/\",\"logo\":{\"@type\":\"ImageObject\",\"inLanguage\":\"tr\",\"@id\":\"https:\\\/\\\/esmeraylaw.com\\\/tr\\\/#\\\/schema\\\/logo\\\/image\\\/\",\"url\":\"https:\\\/\\\/esmeraylaw.com\\\/tr\\\/wp-content\\\/uploads\\\/2020\\\/09\\\/logo.jpg\",\"contentUrl\":\"https:\\\/\\\/esmeraylaw.com\\\/tr\\\/wp-content\\\/uploads\\\/2020\\\/09\\\/logo.jpg\",\"width\":122,\"height\":65,\"caption\":\"Esmeray Hukuk B\u00fcrosu\"},\"image\":{\"@id\":\"https:\\\/\\\/esmeraylaw.com\\\/tr\\\/#\\\/schema\\\/logo\\\/image\\\/\"},\"sameAs\":[\"https:\\\/\\\/www.facebook.com\\\/esmeraylaw\",\"https:\\\/\\\/x.com\\\/EsmerayLaw\",\"https:\\\/\\\/www.instagram.com\\\/esmerayhukukburosu\",\"https:\\\/\\\/www.linkedin.com\\\/in\\\/esmeraylaw\"]},{\"@type\":\"Person\",\"@id\":\"https:\\\/\\\/esmeraylaw.com\\\/tr\\\/#\\\/schema\\\/person\\\/c09bb716238b146e93cb9cda4a633e80\",\"name\":\"eslaw2020\",\"image\":{\"@type\":\"ImageObject\",\"inLanguage\":\"tr\",\"@id\":\"https:\\\/\\\/secure.gravatar.com\\\/avatar\\\/b6a7ff7bf40fc010d2dde62b12bd1d9ef84281c85581ae72e4265a94c653241c?s=96&d=mm&r=g\",\"url\":\"https:\\\/\\\/secure.gravatar.com\\\/avatar\\\/b6a7ff7bf40fc010d2dde62b12bd1d9ef84281c85581ae72e4265a94c653241c?s=96&d=mm&r=g\",\"contentUrl\":\"https:\\\/\\\/secure.gravatar.com\\\/avatar\\\/b6a7ff7bf40fc010d2dde62b12bd1d9ef84281c85581ae72e4265a94c653241c?s=96&d=mm&r=g\",\"caption\":\"eslaw2020\"},\"sameAs\":[\"https:\\\/\\\/esmeraylaw.com\\\/tr\"],\"url\":\"https:\\\/\\\/esmeraylaw.com\\\/tr\\\/author\\\/eslaw2020\\\/\"}]}<\/script>\n<!-- \/ Yoast SEO plugin. -->","yoast_head_json":{"title":"Vergi Hukuku - Esmeray Hukuk B\u00fcrosu","description":"Esmeray Hukuk B\u00fcrosu vergi hukuku alan\u0131na ili\u015fkin engin bilgi birikimine ve tecr\u00fcbeye sahip olup; geni\u015f i\u015f ortakl\u0131\u011f\u0131 a\u011f\u0131 ile m\u00fcvekkillerine T\u00fcrkiye\u2019de ki ve d\u00fcnyadaki vergi sistemi konular\u0131nda g\u00fcvenilir ve etkin \u00e7\u00f6z\u00fcmler sunmaktad\u0131r.","robots":{"index":"index","follow":"follow","max-snippet":"max-snippet:-1","max-image-preview":"max-image-preview:large","max-video-preview":"max-video-preview:-1"},"canonical":"https:\/\/esmeraylaw.com\/tr\/vergi-hukuku\/","og_locale":"tr_TR","og_type":"article","og_title":"Vergi Hukuku - Esmeray Hukuk B\u00fcrosu","og_description":"Esmeray Hukuk B\u00fcrosu vergi hukuku alan\u0131na ili\u015fkin engin bilgi birikimine ve tecr\u00fcbeye sahip olup; geni\u015f i\u015f ortakl\u0131\u011f\u0131 a\u011f\u0131 ile m\u00fcvekkillerine T\u00fcrkiye\u2019de ki ve d\u00fcnyadaki vergi sistemi konular\u0131nda g\u00fcvenilir ve etkin \u00e7\u00f6z\u00fcmler sunmaktad\u0131r.","og_url":"https:\/\/esmeraylaw.com\/tr\/vergi-hukuku\/","og_site_name":"Esmeray Hukuk B\u00fcrosu","article_publisher":"https:\/\/www.facebook.com\/esmeraylaw","article_published_time":"2020-09-20T07:51:26+00:00","article_modified_time":"2020-10-27T14:56:38+00:00","og_image":[{"width":122,"height":65,"url":"https:\/\/esmeraylaw.com\/tr\/wp-content\/uploads\/2020\/09\/logo.jpg","type":"image\/jpeg"}],"author":"eslaw2020","twitter_card":"summary_large_image","twitter_creator":"@EsmerayLaw","twitter_site":"@EsmerayLaw","twitter_misc":{"Yazan:":"eslaw2020","Tahmini okuma s\u00fcresi":"4 dakika"},"schema":{"@context":"https:\/\/schema.org","@graph":[{"@type":"Article","@id":"https:\/\/esmeraylaw.com\/tr\/vergi-hukuku\/#article","isPartOf":{"@id":"https:\/\/esmeraylaw.com\/tr\/vergi-hukuku\/"},"author":{"name":"eslaw2020","@id":"https:\/\/esmeraylaw.com\/tr\/#\/schema\/person\/c09bb716238b146e93cb9cda4a633e80"},"headline":"Vergi Hukuku","datePublished":"2020-09-20T07:51:26+00:00","dateModified":"2020-10-27T14:56:38+00:00","mainEntityOfPage":{"@id":"https:\/\/esmeraylaw.com\/tr\/vergi-hukuku\/"},"wordCount":861,"publisher":{"@id":"https:\/\/esmeraylaw.com\/tr\/#organization"},"articleSection":["Faaliyet Alanlar\u0131"],"inLanguage":"tr"},{"@type":"WebPage","@id":"https:\/\/esmeraylaw.com\/tr\/vergi-hukuku\/","url":"https:\/\/esmeraylaw.com\/tr\/vergi-hukuku\/","name":"Vergi Hukuku - Esmeray Hukuk B\u00fcrosu","isPartOf":{"@id":"https:\/\/esmeraylaw.com\/tr\/#website"},"datePublished":"2020-09-20T07:51:26+00:00","dateModified":"2020-10-27T14:56:38+00:00","description":"Esmeray Hukuk B\u00fcrosu vergi hukuku alan\u0131na ili\u015fkin engin bilgi birikimine ve tecr\u00fcbeye sahip olup; geni\u015f i\u015f ortakl\u0131\u011f\u0131 a\u011f\u0131 ile m\u00fcvekkillerine T\u00fcrkiye\u2019de ki ve d\u00fcnyadaki vergi sistemi konular\u0131nda g\u00fcvenilir ve etkin \u00e7\u00f6z\u00fcmler sunmaktad\u0131r.","breadcrumb":{"@id":"https:\/\/esmeraylaw.com\/tr\/vergi-hukuku\/#breadcrumb"},"inLanguage":"tr","potentialAction":[{"@type":"ReadAction","target":["https:\/\/esmeraylaw.com\/tr\/vergi-hukuku\/"]}]},{"@type":"BreadcrumbList","@id":"https:\/\/esmeraylaw.com\/tr\/vergi-hukuku\/#breadcrumb","itemListElement":[{"@type":"ListItem","position":1,"name":"Ana sayfa","item":"https:\/\/esmeraylaw.com\/tr\/"},{"@type":"ListItem","position":2,"name":"Vergi Hukuku"}]},{"@type":"WebSite","@id":"https:\/\/esmeraylaw.com\/tr\/#website","url":"https:\/\/esmeraylaw.com\/tr\/","name":"Esmeray Hukuk B\u00fcrosu","description":"Ticaret Hukuku Avukat\u0131","publisher":{"@id":"https:\/\/esmeraylaw.com\/tr\/#organization"},"potentialAction":[{"@type":"SearchAction","target":{"@type":"EntryPoint","urlTemplate":"https:\/\/esmeraylaw.com\/tr\/?s={search_term_string}"},"query-input":{"@type":"PropertyValueSpecification","valueRequired":true,"valueName":"search_term_string"}}],"inLanguage":"tr"},{"@type":"Organization","@id":"https:\/\/esmeraylaw.com\/tr\/#organization","name":"Esmeray Hukuk B\u00fcrosu","url":"https:\/\/esmeraylaw.com\/tr\/","logo":{"@type":"ImageObject","inLanguage":"tr","@id":"https:\/\/esmeraylaw.com\/tr\/#\/schema\/logo\/image\/","url":"https:\/\/esmeraylaw.com\/tr\/wp-content\/uploads\/2020\/09\/logo.jpg","contentUrl":"https:\/\/esmeraylaw.com\/tr\/wp-content\/uploads\/2020\/09\/logo.jpg","width":122,"height":65,"caption":"Esmeray Hukuk B\u00fcrosu"},"image":{"@id":"https:\/\/esmeraylaw.com\/tr\/#\/schema\/logo\/image\/"},"sameAs":["https:\/\/www.facebook.com\/esmeraylaw","https:\/\/x.com\/EsmerayLaw","https:\/\/www.instagram.com\/esmerayhukukburosu","https:\/\/www.linkedin.com\/in\/esmeraylaw"]},{"@type":"Person","@id":"https:\/\/esmeraylaw.com\/tr\/#\/schema\/person\/c09bb716238b146e93cb9cda4a633e80","name":"eslaw2020","image":{"@type":"ImageObject","inLanguage":"tr","@id":"https:\/\/secure.gravatar.com\/avatar\/b6a7ff7bf40fc010d2dde62b12bd1d9ef84281c85581ae72e4265a94c653241c?s=96&d=mm&r=g","url":"https:\/\/secure.gravatar.com\/avatar\/b6a7ff7bf40fc010d2dde62b12bd1d9ef84281c85581ae72e4265a94c653241c?s=96&d=mm&r=g","contentUrl":"https:\/\/secure.gravatar.com\/avatar\/b6a7ff7bf40fc010d2dde62b12bd1d9ef84281c85581ae72e4265a94c653241c?s=96&d=mm&r=g","caption":"eslaw2020"},"sameAs":["https:\/\/esmeraylaw.com\/tr"],"url":"https:\/\/esmeraylaw.com\/tr\/author\/eslaw2020\/"}]}},"_links":{"self":[{"href":"https:\/\/esmeraylaw.com\/tr\/wp-json\/wp\/v2\/posts\/101","targetHints":{"allow":["GET"]}}],"collection":[{"href":"https:\/\/esmeraylaw.com\/tr\/wp-json\/wp\/v2\/posts"}],"about":[{"href":"https:\/\/esmeraylaw.com\/tr\/wp-json\/wp\/v2\/types\/post"}],"author":[{"embeddable":true,"href":"https:\/\/esmeraylaw.com\/tr\/wp-json\/wp\/v2\/users\/1"}],"replies":[{"embeddable":true,"href":"https:\/\/esmeraylaw.com\/tr\/wp-json\/wp\/v2\/comments?post=101"}],"version-history":[{"count":0,"href":"https:\/\/esmeraylaw.com\/tr\/wp-json\/wp\/v2\/posts\/101\/revisions"}],"wp:attachment":[{"href":"https:\/\/esmeraylaw.com\/tr\/wp-json\/wp\/v2\/media?parent=101"}],"wp:term":[{"taxonomy":"category","embeddable":true,"href":"https:\/\/esmeraylaw.com\/tr\/wp-json\/wp\/v2\/categories?post=101"},{"taxonomy":"post_tag","embeddable":true,"href":"https:\/\/esmeraylaw.com\/tr\/wp-json\/wp\/v2\/tags?post=101"}],"curies":[{"name":"wp","href":"https:\/\/api.w.org\/{rel}","templated":true}]}}