{"id":146,"date":"2020-10-14T00:33:57","date_gmt":"2020-10-13T21:33:57","guid":{"rendered":"https:\/\/esmeraylaw.com\/tr\/?p=146"},"modified":"2021-02-21T00:12:41","modified_gmt":"2021-02-20T21:12:41","slug":"vasinin-avukata-vekalet-vermesi-mahkemenin-onayina-tabi","status":"publish","type":"post","link":"https:\/\/esmeraylaw.com\/tr\/vasinin-avukata-vekalet-vermesi-mahkemenin-onayina-tabi\/","title":{"rendered":"Vasi Avukata Vekalet Verecek \u0130se Vesayet Makam\u0131n\u0131n Onay\u0131n\u0131 Almal\u0131d\u0131r"},"content":{"rendered":"<p>[vc_row][vc_column][vc_column_text]<strong>T.C.<\/strong><\/p>\n<p><strong>YARGITAY<\/strong><\/p>\n<p><strong>13.HUKUK DA\u0130RES\u0130<\/strong><\/p>\n<p><strong>Esas No: 2016\/6674<\/strong><\/p>\n<p><strong>Karar No: 2016\/15353<\/strong><\/p>\n<p><strong>Karar Tarihi.16\/06\/2016<\/strong><\/p>\n<p><strong>\u00a0<\/strong><\/p>\n<p style=\"text-align: justify;\"><strong>\u00d6ZET: <\/strong>K\u0131s\u0131tl\u0131n\u0131n vasisi\/velisi taraf\u0131ndan k\u0131s\u0131tl\u0131 ad\u0131na avukata vekaletname verilip vekil tayin edilerek vekalet s\u00f6zle\u015fmesi ve Avukatl\u0131k \u00dccret S\u00f6zle\u015fmesi imzalanacak ise k\u0131s\u0131tl\u0131 ad\u0131na yap\u0131lan bu i\u015flemlerin ge\u00e7erli olabilmesi i\u00e7in vesayet makam\u0131n\u0131n onay\u0131na sunulmas\u0131 gerekmektedir.<\/p>\n<p><strong>&#8220;\u0130\u00e7tihat Metni&#8221;<\/strong><\/p>\n<p style=\"text-align: justify;\"><strong>MAHKEMES\u0130<\/strong>: Sulh Hukuk Mahkemesi<\/p>\n<p style=\"text-align: justify;\">Taraflar aras\u0131ndaki alacak davas\u0131n\u0131n yap\u0131lan yarg\u0131lamas\u0131 sonunda ilamda yaz\u0131l\u0131 nedenlerden dolay\u0131 davan\u0131n k\u0131smen kabul\u00fcne k\u0131smen reddine y\u00f6nelik olarak verilen h\u00fckm\u00fcn taraflar avukat\u0131nca duru\u015fmal\u0131 olarak temyiz edilmesi \u00fczerine ilgililere \u00e7a\u011fr\u0131 ka\u011f\u0131d\u0131 g\u00f6nderilmi\u015fti. Belli g\u00fcnde daval\u0131 vekili avukat &#8230; ile davac\u0131 vekili avukat &#8230;&#8217;in gelmeleriyle duru\u015fmaya ba\u015flan\u0131lm\u0131\u015f ve haz\u0131r bulunan avukatlar\u0131n s\u00f6zl\u00fc a\u00e7\u0131klamalar\u0131 dinlenildikten sonra karar i\u00e7in ba\u015fka g\u00fcne b\u0131rak\u0131lm\u0131\u015ft\u0131. Bu kez temyiz dilek\u00e7esinin s\u00fcresinde oldu\u011fu saptanarak dosya incelendi, gere\u011fi konu\u015fulup d\u00fc\u015f\u00fcn\u00fcld\u00fc.<\/p>\n<p><strong>KARAR<\/strong><\/p>\n<p style=\"text-align: justify;\">&#8230;nin 2006\/161E. say\u0131l\u0131 dosyas\u0131 ile daval\u0131 k\u0131s\u0131tl\u0131 &#8230;&#8217;\u0131n Mirastan Feragat S\u00f6zle\u015fmesinin \u0130ptali davas\u0131n\u0131 a\u00e7t\u0131\u011f\u0131n\u0131 bu davan\u0131n sonu\u00e7land\u0131r\u0131larak muris &#8230; terekesinin 1\/8 oran\u0131ndaki miras\u00e7\u0131 s\u0131fat\u0131n\u0131 geri kazand\u0131rd\u0131\u011f\u0131n\u0131, ancak akabinde haks\u0131z olarak azledilerek, kazand\u0131rd\u0131\u011f\u0131 1\/8 miras\u00e7\u0131l\u0131k pay\u0131n\u0131n %15&#8217;i oran\u0131nda avukatl\u0131k \u00fccreti alaca\u011f\u0131n\u0131n \u00f6denmedi\u011fini ileri s\u00fcrerek, fazlaya dair haklar\u0131 sakl\u0131 kalmak kayd\u0131yla, 300.000,00TL avukatl\u0131k \u00fccretinin yasal faiziyle birlikte daval\u0131dan tahsiline karar verilmesini istemi\u015f; \u0131slahen talebini 645.135,51 TL olarak art\u0131rm\u0131\u015ft\u0131r.<\/p>\n<p>Daval\u0131, davan\u0131n reddini dilemi\u015ftir.<\/p>\n<p style=\"text-align: justify;\">Mahkemece, davan\u0131n k\u0131smen kabul\u00fc ile 41.800,00TL&#8217;nin azil tarihi 11\/10\/2010 tarihinden itibaren daval\u0131dan yasal faizi ile birlikte al\u0131narak davac\u0131ya verilmesine, fazlaya ili\u015fkin talebin reddine, karar verilmi\u015f; h\u00fck\u00fcm, taraflarca temyiz edilmi\u015ftir.<\/p>\n<p style=\"text-align: justify;\"><strong>1-<\/strong>Uyu\u015fmazl\u0131k, haks\u0131z azil nedeniyle vekalet \u00fccreti isteminden ibaret olup, mahkemece azlin haks\u0131z oldu\u011fu benimsenmek suretiyle, davan\u0131n k\u0131smen kabul\u00fcne karar verilmi\u015ftir. Dosya kapsam\u0131 incelendi\u011finde, daval\u0131 k\u0131s\u0131tl\u0131 &#8230;&#8217;a 04.05.2006 tarihinde annesi&#8230; veli tayin edildi\u011fi, buna istinaden veli &#8230;. k\u0131s\u0131tl\u0131 ad\u0131na davac\u0131y\u0131 23.05.2006 tarihinde vekil tayin etti\u011fi ve avukatl\u0131k \u00fccret s\u00f6zle\u015fmesi imzalad\u0131\u011f\u0131 anla\u015f\u0131lmaktad\u0131r. Her \u015feyden \u00f6nce k\u0131s\u0131tl\u0131 ad\u0131na yap\u0131lan bu i\u015flemlerin ge\u00e7erli olabilmesi i\u00e7in vesayet makam\u0131n\u0131n onay\u0131na sunulmas\u0131 gerekmektedir. O halde, mahkemece \u00f6ncelikle vekalet s\u00f6zle\u015fmesi ve Avukatl\u0131k \u00dccret S\u00f6zle\u015fmesine ili\u015fkin vesayet makam\u0131n\u0131n onay\u0131n\u0131n olup olmad\u0131\u011f\u0131n\u0131n incelenmesi, bulunacak sonuca g\u00f6re h\u00fck\u00fcm tesisi gerekirken, eksik inceleme ile karar verilmesi usul ve yasaya ayk\u0131r\u0131 olup, bozmay\u0131 gerektirir.<\/p>\n<p><strong>2-<\/strong>Bozma nedenine g\u00f6re, taraflar\u0131n sair temyiz itirazlar\u0131n\u0131n incelenmesine \u015fimdilik gerek g\u00f6r\u00fclmemi\u015ftir.<\/p>\n<p style=\"text-align: justify;\"><strong>SONU\u00c7:<\/strong> Yukar\u0131da 1. bentte a\u00e7\u0131klanan nedenle h\u00fckm\u00fcn daval\u0131 yarar\u0131na BOZULMASINA, 2.bent gere\u011fince taraflar\u0131n sair temyiz itirazlar\u0131n\u0131n incelenmesine \u015fimdilik yer olmad\u0131\u011f\u0131na, 1350,00 TL duru\u015fma avukatl\u0131k paras\u0131n\u0131n davac\u0131dan al\u0131narak daval\u0131ya \u00f6denmesine, pe\u015fin al\u0131nan 713,85 TL harc\u0131n daval\u0131ya, 25,20 TL harc\u0131n davac\u0131ya iadesine, HUMK\u2019nun 440\/1 maddesi uyar\u0131nca tebli\u011fden itibaren 15 g\u00fcn i\u00e7erisinde karar d\u00fczeltme yolu a\u00e7\u0131k olmak \u00fczere, 16\/06\/2016 g\u00fcn\u00fcnde oybirli\u011fiyle karar verildi.<\/p>\n<p>[\/vc_column_text][\/vc_column][\/vc_row]<\/p>\n","protected":false},"excerpt":{"rendered":"<p>[vc_row][vc_column][vc_column_text]T.C. YARGITAY 13.HUKUK DA\u0130RES\u0130 Esas No: 2016\/6674 Karar No: 2016\/15353 Karar Tarihi.16\/06\/2016 \u00a0 \u00d6ZET: K\u0131s\u0131tl\u0131n\u0131n vasisi\/velisi taraf\u0131ndan k\u0131s\u0131tl\u0131 ad\u0131na avukata vekaletname verilip vekil tayin edilerek vekalet<span class=\"excerpt-hellip\"> [\u2026]<\/span><\/p>\n","protected":false},"author":2,"featured_media":0,"comment_status":"open","ping_status":"closed","sticky":false,"template":"","format":"standard","meta":{"footnotes":""},"categories":[6],"tags":[],"class_list":["post-146","post","type-post","status-publish","format-standard","hentry","category-ictihat"],"yoast_head":"<!-- This site is optimized with the Yoast SEO plugin v27.5 - https:\/\/yoast.com\/product\/yoast-seo-wordpress\/ -->\n<title>Vasi Avukata Vekalet Verecek \u0130se Vesayet Makam\u0131n\u0131n Onay\u0131n\u0131 Almal\u0131d\u0131r - Esmeray Hukuk B\u00fcrosu<\/title>\n<meta name=\"description\" content=\"K\u0131s\u0131tl\u0131 ad\u0131na vasi taraf\u0131ndan avukata verilen vekalet ve avukatla yap\u0131lan \u00dccret S\u00f6zle\u015fmesinin ge\u00e7erli olabilmesi i\u00e7in vesayet makam\u0131 taraf\u0131ndan onaylanmas\u0131 gerekmektedir.\" \/>\n<meta name=\"robots\" content=\"index, follow, max-snippet:-1, max-image-preview:large, max-video-preview:-1\" \/>\n<link rel=\"canonical\" href=\"https:\/\/esmeraylaw.com\/tr\/vasinin-avukata-vekalet-vermesi-mahkemenin-onayina-tabi\/\" \/>\n<meta property=\"og:locale\" content=\"tr_TR\" \/>\n<meta property=\"og:type\" content=\"article\" \/>\n<meta property=\"og:title\" content=\"Vasi Avukata Vekalet Verecek \u0130se Vesayet Makam\u0131n\u0131n Onay\u0131n\u0131 Almal\u0131d\u0131r - Esmeray Hukuk B\u00fcrosu\" \/>\n<meta property=\"og:description\" content=\"K\u0131s\u0131tl\u0131 ad\u0131na vasi taraf\u0131ndan avukata verilen vekalet ve avukatla yap\u0131lan \u00dccret S\u00f6zle\u015fmesinin ge\u00e7erli olabilmesi i\u00e7in vesayet makam\u0131 taraf\u0131ndan onaylanmas\u0131 gerekmektedir.\" \/>\n<meta property=\"og:url\" content=\"https:\/\/esmeraylaw.com\/tr\/vasinin-avukata-vekalet-vermesi-mahkemenin-onayina-tabi\/\" \/>\n<meta property=\"og:site_name\" content=\"Esmeray Hukuk B\u00fcrosu\" \/>\n<meta property=\"article:publisher\" content=\"https:\/\/www.facebook.com\/esmeraylaw\" \/>\n<meta property=\"article:published_time\" content=\"2020-10-13T21:33:57+00:00\" \/>\n<meta property=\"article:modified_time\" content=\"2021-02-20T21:12:41+00:00\" \/>\n<meta property=\"og:image\" content=\"https:\/\/esmeraylaw.com\/tr\/wp-content\/uploads\/2020\/09\/logo.jpg\" \/>\n\t<meta property=\"og:image:width\" content=\"122\" \/>\n\t<meta property=\"og:image:height\" content=\"65\" \/>\n\t<meta property=\"og:image:type\" content=\"image\/jpeg\" \/>\n<meta name=\"author\" content=\"Fehmi Esmeray\" \/>\n<meta name=\"twitter:card\" content=\"summary_large_image\" \/>\n<meta name=\"twitter:creator\" content=\"@EsmerayLaw\" \/>\n<meta name=\"twitter:site\" content=\"@EsmerayLaw\" \/>\n<meta name=\"twitter:label1\" content=\"Yazan:\" \/>\n\t<meta name=\"twitter:data1\" content=\"Fehmi Esmeray\" \/>\n\t<meta name=\"twitter:label2\" content=\"Tahmini okuma s\u00fcresi\" \/>\n\t<meta name=\"twitter:data2\" content=\"3 dakika\" \/>\n<script type=\"application\/ld+json\" class=\"yoast-schema-graph\">{\"@context\":\"https:\\\/\\\/schema.org\",\"@graph\":[{\"@type\":\"Article\",\"@id\":\"https:\\\/\\\/esmeraylaw.com\\\/tr\\\/vasinin-avukata-vekalet-vermesi-mahkemenin-onayina-tabi\\\/#article\",\"isPartOf\":{\"@id\":\"https:\\\/\\\/esmeraylaw.com\\\/tr\\\/vasinin-avukata-vekalet-vermesi-mahkemenin-onayina-tabi\\\/\"},\"author\":{\"name\":\"Fehmi Esmeray\",\"@id\":\"https:\\\/\\\/esmeraylaw.com\\\/tr\\\/#\\\/schema\\\/person\\\/99f6451f0a330c75209277c8c8e674f4\"},\"headline\":\"Vasi Avukata Vekalet Verecek \u0130se Vesayet Makam\u0131n\u0131n Onay\u0131n\u0131 Almal\u0131d\u0131r\",\"datePublished\":\"2020-10-13T21:33:57+00:00\",\"dateModified\":\"2021-02-20T21:12:41+00:00\",\"mainEntityOfPage\":{\"@id\":\"https:\\\/\\\/esmeraylaw.com\\\/tr\\\/vasinin-avukata-vekalet-vermesi-mahkemenin-onayina-tabi\\\/\"},\"wordCount\":605,\"commentCount\":0,\"publisher\":{\"@id\":\"https:\\\/\\\/esmeraylaw.com\\\/tr\\\/#organization\"},\"articleSection\":[\"Ictihat\"],\"inLanguage\":\"tr\",\"potentialAction\":[{\"@type\":\"CommentAction\",\"name\":\"Comment\",\"target\":[\"https:\\\/\\\/esmeraylaw.com\\\/tr\\\/vasinin-avukata-vekalet-vermesi-mahkemenin-onayina-tabi\\\/#respond\"]}]},{\"@type\":\"WebPage\",\"@id\":\"https:\\\/\\\/esmeraylaw.com\\\/tr\\\/vasinin-avukata-vekalet-vermesi-mahkemenin-onayina-tabi\\\/\",\"url\":\"https:\\\/\\\/esmeraylaw.com\\\/tr\\\/vasinin-avukata-vekalet-vermesi-mahkemenin-onayina-tabi\\\/\",\"name\":\"Vasi Avukata Vekalet Verecek \u0130se Vesayet Makam\u0131n\u0131n Onay\u0131n\u0131 Almal\u0131d\u0131r - Esmeray Hukuk B\u00fcrosu\",\"isPartOf\":{\"@id\":\"https:\\\/\\\/esmeraylaw.com\\\/tr\\\/#website\"},\"datePublished\":\"2020-10-13T21:33:57+00:00\",\"dateModified\":\"2021-02-20T21:12:41+00:00\",\"description\":\"K\u0131s\u0131tl\u0131 ad\u0131na vasi taraf\u0131ndan avukata verilen vekalet ve avukatla yap\u0131lan \u00dccret S\u00f6zle\u015fmesinin ge\u00e7erli olabilmesi i\u00e7in vesayet makam\u0131 taraf\u0131ndan onaylanmas\u0131 gerekmektedir.\",\"breadcrumb\":{\"@id\":\"https:\\\/\\\/esmeraylaw.com\\\/tr\\\/vasinin-avukata-vekalet-vermesi-mahkemenin-onayina-tabi\\\/#breadcrumb\"},\"inLanguage\":\"tr\",\"potentialAction\":[{\"@type\":\"ReadAction\",\"target\":[\"https:\\\/\\\/esmeraylaw.com\\\/tr\\\/vasinin-avukata-vekalet-vermesi-mahkemenin-onayina-tabi\\\/\"]}]},{\"@type\":\"BreadcrumbList\",\"@id\":\"https:\\\/\\\/esmeraylaw.com\\\/tr\\\/vasinin-avukata-vekalet-vermesi-mahkemenin-onayina-tabi\\\/#breadcrumb\",\"itemListElement\":[{\"@type\":\"ListItem\",\"position\":1,\"name\":\"Ana sayfa\",\"item\":\"https:\\\/\\\/esmeraylaw.com\\\/tr\\\/\"},{\"@type\":\"ListItem\",\"position\":2,\"name\":\"Vasi Avukata Vekalet Verecek \u0130se Vesayet Makam\u0131n\u0131n Onay\u0131n\u0131 Almal\u0131d\u0131r\"}]},{\"@type\":\"WebSite\",\"@id\":\"https:\\\/\\\/esmeraylaw.com\\\/tr\\\/#website\",\"url\":\"https:\\\/\\\/esmeraylaw.com\\\/tr\\\/\",\"name\":\"Esmeray Hukuk B\u00fcrosu\",\"description\":\"Ticaret Hukuku Avukat\u0131\",\"publisher\":{\"@id\":\"https:\\\/\\\/esmeraylaw.com\\\/tr\\\/#organization\"},\"potentialAction\":[{\"@type\":\"SearchAction\",\"target\":{\"@type\":\"EntryPoint\",\"urlTemplate\":\"https:\\\/\\\/esmeraylaw.com\\\/tr\\\/?s={search_term_string}\"},\"query-input\":{\"@type\":\"PropertyValueSpecification\",\"valueRequired\":true,\"valueName\":\"search_term_string\"}}],\"inLanguage\":\"tr\"},{\"@type\":\"Organization\",\"@id\":\"https:\\\/\\\/esmeraylaw.com\\\/tr\\\/#organization\",\"name\":\"Esmeray Hukuk B\u00fcrosu\",\"url\":\"https:\\\/\\\/esmeraylaw.com\\\/tr\\\/\",\"logo\":{\"@type\":\"ImageObject\",\"inLanguage\":\"tr\",\"@id\":\"https:\\\/\\\/esmeraylaw.com\\\/tr\\\/#\\\/schema\\\/logo\\\/image\\\/\",\"url\":\"https:\\\/\\\/esmeraylaw.com\\\/tr\\\/wp-content\\\/uploads\\\/2020\\\/09\\\/logo.jpg\",\"contentUrl\":\"https:\\\/\\\/esmeraylaw.com\\\/tr\\\/wp-content\\\/uploads\\\/2020\\\/09\\\/logo.jpg\",\"width\":122,\"height\":65,\"caption\":\"Esmeray Hukuk B\u00fcrosu\"},\"image\":{\"@id\":\"https:\\\/\\\/esmeraylaw.com\\\/tr\\\/#\\\/schema\\\/logo\\\/image\\\/\"},\"sameAs\":[\"https:\\\/\\\/www.facebook.com\\\/esmeraylaw\",\"https:\\\/\\\/x.com\\\/EsmerayLaw\",\"https:\\\/\\\/www.instagram.com\\\/esmerayhukukburosu\",\"https:\\\/\\\/www.linkedin.com\\\/in\\\/esmeraylaw\"]},{\"@type\":\"Person\",\"@id\":\"https:\\\/\\\/esmeraylaw.com\\\/tr\\\/#\\\/schema\\\/person\\\/99f6451f0a330c75209277c8c8e674f4\",\"name\":\"Fehmi Esmeray\",\"image\":{\"@type\":\"ImageObject\",\"inLanguage\":\"tr\",\"@id\":\"https:\\\/\\\/secure.gravatar.com\\\/avatar\\\/1146e0f4e56c81d3812c7a51f07c3adc714b2b130ac895b2d8ab9a22d23e10a7?s=96&d=mm&r=g\",\"url\":\"https:\\\/\\\/secure.gravatar.com\\\/avatar\\\/1146e0f4e56c81d3812c7a51f07c3adc714b2b130ac895b2d8ab9a22d23e10a7?s=96&d=mm&r=g\",\"contentUrl\":\"https:\\\/\\\/secure.gravatar.com\\\/avatar\\\/1146e0f4e56c81d3812c7a51f07c3adc714b2b130ac895b2d8ab9a22d23e10a7?s=96&d=mm&r=g\",\"caption\":\"Fehmi Esmeray\"},\"url\":\"https:\\\/\\\/esmeraylaw.com\\\/tr\\\/author\\\/eslaw\\\/\"}]}<\/script>\n<!-- \/ Yoast SEO plugin. -->","yoast_head_json":{"title":"Vasi Avukata Vekalet Verecek \u0130se Vesayet Makam\u0131n\u0131n Onay\u0131n\u0131 Almal\u0131d\u0131r - Esmeray Hukuk B\u00fcrosu","description":"K\u0131s\u0131tl\u0131 ad\u0131na vasi taraf\u0131ndan avukata verilen vekalet ve avukatla yap\u0131lan \u00dccret S\u00f6zle\u015fmesinin ge\u00e7erli olabilmesi i\u00e7in vesayet makam\u0131 taraf\u0131ndan onaylanmas\u0131 gerekmektedir.","robots":{"index":"index","follow":"follow","max-snippet":"max-snippet:-1","max-image-preview":"max-image-preview:large","max-video-preview":"max-video-preview:-1"},"canonical":"https:\/\/esmeraylaw.com\/tr\/vasinin-avukata-vekalet-vermesi-mahkemenin-onayina-tabi\/","og_locale":"tr_TR","og_type":"article","og_title":"Vasi Avukata Vekalet Verecek \u0130se Vesayet Makam\u0131n\u0131n Onay\u0131n\u0131 Almal\u0131d\u0131r - Esmeray Hukuk B\u00fcrosu","og_description":"K\u0131s\u0131tl\u0131 ad\u0131na vasi taraf\u0131ndan avukata verilen vekalet ve avukatla yap\u0131lan \u00dccret S\u00f6zle\u015fmesinin ge\u00e7erli olabilmesi i\u00e7in vesayet makam\u0131 taraf\u0131ndan onaylanmas\u0131 gerekmektedir.","og_url":"https:\/\/esmeraylaw.com\/tr\/vasinin-avukata-vekalet-vermesi-mahkemenin-onayina-tabi\/","og_site_name":"Esmeray Hukuk B\u00fcrosu","article_publisher":"https:\/\/www.facebook.com\/esmeraylaw","article_published_time":"2020-10-13T21:33:57+00:00","article_modified_time":"2021-02-20T21:12:41+00:00","og_image":[{"width":122,"height":65,"url":"https:\/\/esmeraylaw.com\/tr\/wp-content\/uploads\/2020\/09\/logo.jpg","type":"image\/jpeg"}],"author":"Fehmi Esmeray","twitter_card":"summary_large_image","twitter_creator":"@EsmerayLaw","twitter_site":"@EsmerayLaw","twitter_misc":{"Yazan:":"Fehmi Esmeray","Tahmini okuma s\u00fcresi":"3 dakika"},"schema":{"@context":"https:\/\/schema.org","@graph":[{"@type":"Article","@id":"https:\/\/esmeraylaw.com\/tr\/vasinin-avukata-vekalet-vermesi-mahkemenin-onayina-tabi\/#article","isPartOf":{"@id":"https:\/\/esmeraylaw.com\/tr\/vasinin-avukata-vekalet-vermesi-mahkemenin-onayina-tabi\/"},"author":{"name":"Fehmi Esmeray","@id":"https:\/\/esmeraylaw.com\/tr\/#\/schema\/person\/99f6451f0a330c75209277c8c8e674f4"},"headline":"Vasi Avukata Vekalet Verecek \u0130se Vesayet Makam\u0131n\u0131n Onay\u0131n\u0131 Almal\u0131d\u0131r","datePublished":"2020-10-13T21:33:57+00:00","dateModified":"2021-02-20T21:12:41+00:00","mainEntityOfPage":{"@id":"https:\/\/esmeraylaw.com\/tr\/vasinin-avukata-vekalet-vermesi-mahkemenin-onayina-tabi\/"},"wordCount":605,"commentCount":0,"publisher":{"@id":"https:\/\/esmeraylaw.com\/tr\/#organization"},"articleSection":["Ictihat"],"inLanguage":"tr","potentialAction":[{"@type":"CommentAction","name":"Comment","target":["https:\/\/esmeraylaw.com\/tr\/vasinin-avukata-vekalet-vermesi-mahkemenin-onayina-tabi\/#respond"]}]},{"@type":"WebPage","@id":"https:\/\/esmeraylaw.com\/tr\/vasinin-avukata-vekalet-vermesi-mahkemenin-onayina-tabi\/","url":"https:\/\/esmeraylaw.com\/tr\/vasinin-avukata-vekalet-vermesi-mahkemenin-onayina-tabi\/","name":"Vasi Avukata Vekalet Verecek \u0130se Vesayet Makam\u0131n\u0131n Onay\u0131n\u0131 Almal\u0131d\u0131r - Esmeray Hukuk B\u00fcrosu","isPartOf":{"@id":"https:\/\/esmeraylaw.com\/tr\/#website"},"datePublished":"2020-10-13T21:33:57+00:00","dateModified":"2021-02-20T21:12:41+00:00","description":"K\u0131s\u0131tl\u0131 ad\u0131na vasi taraf\u0131ndan avukata verilen vekalet ve avukatla yap\u0131lan \u00dccret S\u00f6zle\u015fmesinin ge\u00e7erli olabilmesi i\u00e7in vesayet makam\u0131 taraf\u0131ndan onaylanmas\u0131 gerekmektedir.","breadcrumb":{"@id":"https:\/\/esmeraylaw.com\/tr\/vasinin-avukata-vekalet-vermesi-mahkemenin-onayina-tabi\/#breadcrumb"},"inLanguage":"tr","potentialAction":[{"@type":"ReadAction","target":["https:\/\/esmeraylaw.com\/tr\/vasinin-avukata-vekalet-vermesi-mahkemenin-onayina-tabi\/"]}]},{"@type":"BreadcrumbList","@id":"https:\/\/esmeraylaw.com\/tr\/vasinin-avukata-vekalet-vermesi-mahkemenin-onayina-tabi\/#breadcrumb","itemListElement":[{"@type":"ListItem","position":1,"name":"Ana sayfa","item":"https:\/\/esmeraylaw.com\/tr\/"},{"@type":"ListItem","position":2,"name":"Vasi Avukata Vekalet Verecek \u0130se Vesayet Makam\u0131n\u0131n Onay\u0131n\u0131 Almal\u0131d\u0131r"}]},{"@type":"WebSite","@id":"https:\/\/esmeraylaw.com\/tr\/#website","url":"https:\/\/esmeraylaw.com\/tr\/","name":"Esmeray Hukuk B\u00fcrosu","description":"Ticaret Hukuku Avukat\u0131","publisher":{"@id":"https:\/\/esmeraylaw.com\/tr\/#organization"},"potentialAction":[{"@type":"SearchAction","target":{"@type":"EntryPoint","urlTemplate":"https:\/\/esmeraylaw.com\/tr\/?s={search_term_string}"},"query-input":{"@type":"PropertyValueSpecification","valueRequired":true,"valueName":"search_term_string"}}],"inLanguage":"tr"},{"@type":"Organization","@id":"https:\/\/esmeraylaw.com\/tr\/#organization","name":"Esmeray Hukuk B\u00fcrosu","url":"https:\/\/esmeraylaw.com\/tr\/","logo":{"@type":"ImageObject","inLanguage":"tr","@id":"https:\/\/esmeraylaw.com\/tr\/#\/schema\/logo\/image\/","url":"https:\/\/esmeraylaw.com\/tr\/wp-content\/uploads\/2020\/09\/logo.jpg","contentUrl":"https:\/\/esmeraylaw.com\/tr\/wp-content\/uploads\/2020\/09\/logo.jpg","width":122,"height":65,"caption":"Esmeray Hukuk B\u00fcrosu"},"image":{"@id":"https:\/\/esmeraylaw.com\/tr\/#\/schema\/logo\/image\/"},"sameAs":["https:\/\/www.facebook.com\/esmeraylaw","https:\/\/x.com\/EsmerayLaw","https:\/\/www.instagram.com\/esmerayhukukburosu","https:\/\/www.linkedin.com\/in\/esmeraylaw"]},{"@type":"Person","@id":"https:\/\/esmeraylaw.com\/tr\/#\/schema\/person\/99f6451f0a330c75209277c8c8e674f4","name":"Fehmi Esmeray","image":{"@type":"ImageObject","inLanguage":"tr","@id":"https:\/\/secure.gravatar.com\/avatar\/1146e0f4e56c81d3812c7a51f07c3adc714b2b130ac895b2d8ab9a22d23e10a7?s=96&d=mm&r=g","url":"https:\/\/secure.gravatar.com\/avatar\/1146e0f4e56c81d3812c7a51f07c3adc714b2b130ac895b2d8ab9a22d23e10a7?s=96&d=mm&r=g","contentUrl":"https:\/\/secure.gravatar.com\/avatar\/1146e0f4e56c81d3812c7a51f07c3adc714b2b130ac895b2d8ab9a22d23e10a7?s=96&d=mm&r=g","caption":"Fehmi Esmeray"},"url":"https:\/\/esmeraylaw.com\/tr\/author\/eslaw\/"}]}},"_links":{"self":[{"href":"https:\/\/esmeraylaw.com\/tr\/wp-json\/wp\/v2\/posts\/146","targetHints":{"allow":["GET"]}}],"collection":[{"href":"https:\/\/esmeraylaw.com\/tr\/wp-json\/wp\/v2\/posts"}],"about":[{"href":"https:\/\/esmeraylaw.com\/tr\/wp-json\/wp\/v2\/types\/post"}],"author":[{"embeddable":true,"href":"https:\/\/esmeraylaw.com\/tr\/wp-json\/wp\/v2\/users\/2"}],"replies":[{"embeddable":true,"href":"https:\/\/esmeraylaw.com\/tr\/wp-json\/wp\/v2\/comments?post=146"}],"version-history":[{"count":0,"href":"https:\/\/esmeraylaw.com\/tr\/wp-json\/wp\/v2\/posts\/146\/revisions"}],"wp:attachment":[{"href":"https:\/\/esmeraylaw.com\/tr\/wp-json\/wp\/v2\/media?parent=146"}],"wp:term":[{"taxonomy":"category","embeddable":true,"href":"https:\/\/esmeraylaw.com\/tr\/wp-json\/wp\/v2\/categories?post=146"},{"taxonomy":"post_tag","embeddable":true,"href":"https:\/\/esmeraylaw.com\/tr\/wp-json\/wp\/v2\/tags?post=146"}],"curies":[{"name":"wp","href":"https:\/\/api.w.org\/{rel}","templated":true}]}}