{"id":153,"date":"2020-10-17T17:54:56","date_gmt":"2020-10-17T14:54:56","guid":{"rendered":"https:\/\/esmeraylaw.com\/tr\/?p=153"},"modified":"2021-02-21T00:10:57","modified_gmt":"2021-02-20T21:10:57","slug":"medeni-kanun-hukumlerine-gore-kisitli-kisilerin-evlat-edinmeleri-mumkun","status":"publish","type":"post","link":"https:\/\/esmeraylaw.com\/tr\/medeni-kanun-hukumlerine-gore-kisitli-kisilerin-evlat-edinmeleri-mumkun\/","title":{"rendered":"Medeni Kanun H\u00fck\u00fcmlerine G\u00f6re K\u0131s\u0131tl\u0131 Ki\u015filerin Evlat Edinmeleri M\u00fcmk\u00fcn"},"content":{"rendered":"<p>[vc_row][vc_column][vc_column_text]<strong>Yarg\u0131tay<\/strong><\/p>\n<p><strong>8. Hukuk Dairesi<\/strong><\/p>\n<p><strong>Esas No: 2019\/2577<\/strong><\/p>\n<p><strong>Karar No: 2020\/1396<\/strong><\/p>\n<p style=\"text-align: justify;\"><strong>\u00d6ZET: <\/strong>Medeni Kanun h\u00fck\u00fcmlerine g\u00f6re k\u0131s\u0131tl\u0131lar\u0131n evlat edinmeleri m\u00fcmk\u00fcnd\u00fcr.<\/p>\n<p><strong>&#8220;\u0130\u00e7tihat Metni&#8221;<\/strong><\/p>\n<p><strong>MAHKEMES\u0130<\/strong>: Adana B\u00f6lge Adliye Mahkemesi 2. Hukuk Dairesi<\/p>\n<p><strong>DAVA T\u00dcR\u00dc: <\/strong>Evlatl\u0131k \u0130li\u015fkisinin Kald\u0131r\u0131lmas\u0131<\/p>\n<p><strong>\u0130LK DERECE<\/strong><\/p>\n<p><strong>MAHKEMES\u0130<\/strong>: Tarsus 1. Aile Mahkemesi<\/p>\n<p style=\"text-align: justify;\">Taraflar aras\u0131nda g\u00f6r\u00fclen ve yukar\u0131da a\u00e7\u0131klanan davada yap\u0131lan yarg\u0131lama sonunda Tarsus 1. Aile Mahkemesinin 24.10.2017 tarihli ve 2017\/78 Esas, 2017\/727 Karar say\u0131l\u0131 karar\u0131yla davan\u0131n kabul\u00fcne karar verilmi\u015f, Mahkeme h\u00fckm\u00fcne kar\u015f\u0131 daval\u0131 vekili taraf\u0131ndan istinaf yoluna ba\u015fvurulmas\u0131 \u00fczerine Adana B\u00f6lge Adliye Mahkemesi 2. Hukuk Dairesince istinaf ba\u015fvurusunun esastan reddine \u015feklinde h\u00fck\u00fcm kurulmu\u015f olup, bu kez daval\u0131 vekilinin B\u00f6lge Adliye Mahkemesi karar\u0131n\u0131 temyizi \u00fczerine Dairece dosya incelendi, gere\u011fi d\u00fc\u015f\u00fcn\u00fcld\u00fc:<\/p>\n<p><strong>KARAR<\/strong><\/p>\n<p style=\"text-align: justify;\">Davac\u0131lar vekili dava dilek\u00e7esinde, davac\u0131lar\u0131n karde\u015fi evlat edinen &#8230;&#8217;\u0131n evlat edinme tarihinde ehliyetsiz oldu\u011funu ileri s\u00fcrerek &#8230; ile aras\u0131ndaki evlatl\u0131k ili\u015fkisinin kald\u0131r\u0131lmas\u0131n\u0131 istemi\u015f; \u0130lk Derece Mahkemesince davan\u0131n kabul\u00fcne dair verilen karar, daval\u0131 vekili taraf\u0131ndan istinaf edilmi\u015f, B\u00f6lge Adliye Mahkemesince istinaf ba\u015fvurusunun esastan reddine karar verilmesi \u00fczerine daval\u0131 vekilince istinaf isteminin esastan reddi karar\u0131 temyiz edilmi\u015ftir.<\/p>\n<p style=\"text-align: justify;\">TMK&#8217;nin 318. maddesinde, evl\u00e2t edinmenin esasa ili\u015fkin di\u011fer noksanl\u0131klardan biriyle sakat olmas\u0131 durumunda, Cumhuriyet Savc\u0131s\u0131 veya her ilgilinin evl\u00e2tl\u0131k ili\u015fkisinin kald\u0131r\u0131lmas\u0131n\u0131 isteyebilece\u011fi; 405. maddesinde, ak\u0131l hastal\u0131\u011f\u0131 veya ak\u0131l zay\u0131fl\u0131\u011f\u0131 sebebiyle i\u015flerini g\u00f6remeyen veya korunmas\u0131 ve bak\u0131m\u0131 i\u00e7in kendisine s\u00fcrekli yard\u0131m gereken her erginin k\u0131s\u0131tlanaca\u011f\u0131; 449. maddesinde, vesayet alt\u0131ndaki ki\u015fi ad\u0131na kefil olmak, vak\u0131f kurmak ve \u00f6nemli ba\u011f\u0131\u015flarda bulunman\u0131n yasak oldu\u011fu; 463. maddesinde de, vesayet makam\u0131n\u0131n izninden sonra denetim makam\u0131n\u0131n da iznini almak kayd\u0131yla vesayet alt\u0131ndaki ki\u015finin evl\u00e2t edinmesinin m\u00fcmk\u00fcn oldu\u011fu h\u00fck\u00fcm alt\u0131na al\u0131nm\u0131\u015ft\u0131r.<\/p>\n<p style=\"text-align: justify;\">Dosya i\u00e7erisindeki bilgi ve belgelerin incelenmesinden; davac\u0131lar\u0131n karde\u015fi &#8230;&#8217;\u0131n Tarsus 2. Aile Mahkemesi&#8217;nin 2014\/74 esas say\u0131l\u0131 dosyas\u0131nda e\u015fi &#8230;&#8217;\u0131n \u00f6nceki evlili\u011finden olma k\u0131z\u0131 daval\u0131 &#8230;&#8217;i evlat edinmek i\u00e7in &#8230; ve &#8230;&#8217;i has\u0131m g\u00f6stermek suretiyle dava a\u00e7t\u0131\u011f\u0131, yarg\u0131lama a\u015famas\u0131nda davac\u0131 &#8230;&#8217;in e\u015fi &#8230; ile daval\u0131 &#8230;&#8217;in e\u015fi &#8230;&#8217;\u0131n davaya muvafakat etti\u011fi fakat davac\u0131 &#8230;&#8217;in akli melekeleri hususunda Mahkemece \u015f\u00fcphe duyulmas\u0131 \u00fczerine re&#8217;sen Sulh Hukuk Mahkemesine ihbarda bulunularak vasi tayini hususunda gerekli de\u011ferlendirmenin yap\u0131lmas\u0131n\u0131n istendi\u011fi, &#8230; Ruh ve Sinir Hastal\u0131klar\u0131 Hastanesince davac\u0131 &#8230; hakk\u0131nda d\u00fczenlenen 03.04.2015 tarihli raporda, ad\u0131 ge\u00e7enin Alzheimer tipi demans hastas\u0131 oldu\u011fu ve vasi tayininin uygun oldu\u011funun bildirilmesi \u00fczerine, Tarsus 1. Sulh Hukuk Mahkemesince 29.06.2015 kesinle\u015fme tarihli, 2014\/899-2015\/387 say\u0131l\u0131 karar ile davac\u0131 &#8230;&#8217;in k\u0131s\u0131tlanmas\u0131na ve daval\u0131 &#8230;&#8217;in e\u015fi &#8230; &#8230;&#8217;in vasi olarak atanmas\u0131na karar verildi\u011fi, vasi &#8230;&#8217;\u0131n talebi \u00fczerine vesayet makam\u0131nca 30.06.2015 tarihli ek karar ile evlat edinme davas\u0131nda k\u0131s\u0131tl\u0131y\u0131 temsil etmek \u00fczere husumete izin karar\u0131, 27.10.2015 tarihli ek karar ile de k\u0131s\u0131tl\u0131 &#8230;&#8217;\u0131n &#8230;&#8217;i evlat edinmesine izin karar\u0131 verildi\u011fi, denetim makam\u0131 Tarsus 2. Asliye Hukuk Mahkemesince de 08.01.2016 kesinle\u015fme tarihli, 2015\/774-895 say\u0131l\u0131 karar\u0131 ile k\u0131s\u0131tl\u0131 &#8230;&#8217;\u0131n daval\u0131 &#8230;&#8217;i evlat edinmesine izin verildi\u011fi, nihayet Tarsus 2. Aile Mahkemesince 28.01.2016 tarihli, 2014\/74-2016\/52 say\u0131l\u0131 karar ile k\u0131s\u0131tl\u0131 &#8230;&#8217;\u0131n daval\u0131 &#8230;&#8217;i evlat edinmesine karar verildi\u011fi, temyiz haklar\u0131ndan feragat edilmesi \u00fczerine karar\u0131n 05.02.2016 tarihinde kesinle\u015fti\u011fi, &#8230;&#8217;\u0131n 16.03.2016 tarihinde vefat etti\u011fi anla\u015f\u0131lm\u0131\u015ft\u0131r.<\/p>\n<p style=\"text-align: justify;\">T\u00fcrk Medeni Kanunu h\u00fck\u00fcmlerine g\u00f6re k\u0131s\u0131tl\u0131 ki\u015filerin evlat edinmesi m\u00fcmk\u00fcn oldu\u011funa ve somut olayda k\u0131s\u0131tl\u0131 &#8230; daval\u0131 &#8230;&#8217;i yasan\u0131n arad\u0131\u011f\u0131 prosed\u00fcre uygun olarak evlat edindi\u011fine g\u00f6re; evlat edinenin k\u0131s\u0131tl\u0131l\u0131k halinin TMK&#8217;nin 318. maddesi kapsam\u0131nda esasa ili\u015fkin noksanl\u0131k kabul edilerek \u0130lk Derece Mahkemesince davan\u0131n kabul\u00fc ile evlatl\u0131k ili\u015fkisinin kald\u0131r\u0131lmas\u0131na karar verilmesi do\u011fru g\u00f6r\u00fclmemi\u015f, B\u00f6lge Adliye Mahkemesi&#8217;nin istinaf isteminin esastan reddi karar\u0131 kald\u0131r\u0131larak, \u0130lk Derece Mahkemesi h\u00fckm\u00fcn\u00fcn bozulmas\u0131 gerekmi\u015ftir.<\/p>\n<p style=\"text-align: justify;\"><strong>SONU\u00c7:<\/strong> Temyiz olunan karar\u0131n yukar\u0131da g\u00f6sterilen nedenlerle daval\u0131 vekilinin yaz\u0131l\u0131 temyiz itirazlar\u0131 yerinde g\u00f6r\u00fcld\u00fc\u011f\u00fcnden kabul\u00fc ile Adana B\u00f6lge Adliye Mahkemesi (2.) Hukuk Dairesinin 25.01.2019 tarihli ve 2018\/482 Esas, 2019\/117 Karar say\u0131l\u0131 istinaf isteminin esastan reddine dair karar\u0131n\u0131n KALDIRILMASINA, \u0130lk Derece Mahkemesi h\u00fckm\u00fcn\u00fcn 6100 say\u0131l\u0131 HMK&#8217;nin 371. maddesi uyar\u0131nca BOZULMASINA, HMK&#8217;nin 373\/1. maddesi gere\u011fi karar\u0131n bir \u00f6rne\u011finin Adana B\u00f6lge Adliye Mahkemesi (2.) Hukuk Dairesine, dosyan\u0131n ise Tarsus 1. Aile Mahkemesine g\u00f6nderilmesine, pe\u015fin harc\u0131n istek halinde temyiz edene iadesine, 17.02.2020 tarihinde oy birli\u011fiyle karar verildi.<\/p>\n<p>[\/vc_column_text][\/vc_column][\/vc_row]<\/p>\n","protected":false},"excerpt":{"rendered":"<p>[vc_row][vc_column][vc_column_text]Yarg\u0131tay 8. Hukuk Dairesi Esas No: 2019\/2577 Karar No: 2020\/1396 \u00d6ZET: Medeni Kanun h\u00fck\u00fcmlerine g\u00f6re k\u0131s\u0131tl\u0131lar\u0131n evlat edinmeleri m\u00fcmk\u00fcnd\u00fcr. &#8220;\u0130\u00e7tihat Metni&#8221; MAHKEMES\u0130: Adana B\u00f6lge Adliye Mahkemesi<span class=\"excerpt-hellip\"> [\u2026]<\/span><\/p>\n","protected":false},"author":2,"featured_media":0,"comment_status":"open","ping_status":"closed","sticky":false,"template":"","format":"standard","meta":{"footnotes":""},"categories":[6],"tags":[],"class_list":["post-153","post","type-post","status-publish","format-standard","hentry","category-ictihat"],"yoast_head":"<!-- This site is optimized with the Yoast SEO plugin v27.5 - https:\/\/yoast.com\/product\/yoast-seo-wordpress\/ -->\n<title>Medeni Kanun H\u00fck\u00fcmlerine G\u00f6re K\u0131s\u0131tl\u0131 Ki\u015filerin Evlat Edinmeleri M\u00fcmk\u00fcn - Esmeray Hukuk B\u00fcrosu<\/title>\n<meta name=\"description\" content=\"Medeni Kanun h\u00fck\u00fcmlerine g\u00f6re k\u0131s\u0131tl\u0131lar\u0131n evlat edinmeleri m\u00fcmk\u00fcn oldu\u011funa g\u00f6re, evlat edinme usul\u00fcne uygun yap\u0131lan evlat edinmeler ge\u00e7erli olacakt\u0131r.\" \/>\n<meta name=\"robots\" content=\"index, follow, max-snippet:-1, max-image-preview:large, max-video-preview:-1\" \/>\n<link rel=\"canonical\" href=\"https:\/\/esmeraylaw.com\/tr\/medeni-kanun-hukumlerine-gore-kisitli-kisilerin-evlat-edinmeleri-mumkun\/\" \/>\n<meta property=\"og:locale\" content=\"tr_TR\" \/>\n<meta property=\"og:type\" content=\"article\" \/>\n<meta property=\"og:title\" content=\"Medeni Kanun H\u00fck\u00fcmlerine G\u00f6re K\u0131s\u0131tl\u0131 Ki\u015filerin Evlat Edinmeleri M\u00fcmk\u00fcn - Esmeray Hukuk B\u00fcrosu\" \/>\n<meta property=\"og:description\" content=\"Medeni Kanun h\u00fck\u00fcmlerine g\u00f6re k\u0131s\u0131tl\u0131lar\u0131n evlat edinmeleri m\u00fcmk\u00fcn oldu\u011funa g\u00f6re, evlat edinme usul\u00fcne uygun yap\u0131lan evlat edinmeler ge\u00e7erli olacakt\u0131r.\" \/>\n<meta property=\"og:url\" content=\"https:\/\/esmeraylaw.com\/tr\/medeni-kanun-hukumlerine-gore-kisitli-kisilerin-evlat-edinmeleri-mumkun\/\" \/>\n<meta property=\"og:site_name\" content=\"Esmeray Hukuk B\u00fcrosu\" \/>\n<meta property=\"article:publisher\" content=\"https:\/\/www.facebook.com\/esmeraylaw\" \/>\n<meta property=\"article:published_time\" content=\"2020-10-17T14:54:56+00:00\" \/>\n<meta property=\"article:modified_time\" content=\"2021-02-20T21:10:57+00:00\" \/>\n<meta property=\"og:image\" content=\"https:\/\/esmeraylaw.com\/tr\/wp-content\/uploads\/2020\/09\/logo.jpg\" \/>\n\t<meta property=\"og:image:width\" content=\"122\" \/>\n\t<meta property=\"og:image:height\" content=\"65\" \/>\n\t<meta property=\"og:image:type\" content=\"image\/jpeg\" \/>\n<meta name=\"author\" content=\"Fehmi Esmeray\" \/>\n<meta name=\"twitter:card\" content=\"summary_large_image\" \/>\n<meta name=\"twitter:creator\" content=\"@EsmerayLaw\" \/>\n<meta name=\"twitter:site\" content=\"@EsmerayLaw\" \/>\n<meta name=\"twitter:label1\" content=\"Yazan:\" \/>\n\t<meta name=\"twitter:data1\" content=\"Fehmi Esmeray\" \/>\n\t<meta name=\"twitter:label2\" content=\"Tahmini okuma s\u00fcresi\" \/>\n\t<meta name=\"twitter:data2\" content=\"4 dakika\" \/>\n<script type=\"application\/ld+json\" class=\"yoast-schema-graph\">{\"@context\":\"https:\\\/\\\/schema.org\",\"@graph\":[{\"@type\":\"Article\",\"@id\":\"https:\\\/\\\/esmeraylaw.com\\\/tr\\\/medeni-kanun-hukumlerine-gore-kisitli-kisilerin-evlat-edinmeleri-mumkun\\\/#article\",\"isPartOf\":{\"@id\":\"https:\\\/\\\/esmeraylaw.com\\\/tr\\\/medeni-kanun-hukumlerine-gore-kisitli-kisilerin-evlat-edinmeleri-mumkun\\\/\"},\"author\":{\"name\":\"Fehmi Esmeray\",\"@id\":\"https:\\\/\\\/esmeraylaw.com\\\/tr\\\/#\\\/schema\\\/person\\\/99f6451f0a330c75209277c8c8e674f4\"},\"headline\":\"Medeni Kanun H\u00fck\u00fcmlerine G\u00f6re K\u0131s\u0131tl\u0131 Ki\u015filerin Evlat Edinmeleri M\u00fcmk\u00fcn\",\"datePublished\":\"2020-10-17T14:54:56+00:00\",\"dateModified\":\"2021-02-20T21:10:57+00:00\",\"mainEntityOfPage\":{\"@id\":\"https:\\\/\\\/esmeraylaw.com\\\/tr\\\/medeni-kanun-hukumlerine-gore-kisitli-kisilerin-evlat-edinmeleri-mumkun\\\/\"},\"wordCount\":844,\"commentCount\":0,\"publisher\":{\"@id\":\"https:\\\/\\\/esmeraylaw.com\\\/tr\\\/#organization\"},\"articleSection\":[\"Ictihat\"],\"inLanguage\":\"tr\",\"potentialAction\":[{\"@type\":\"CommentAction\",\"name\":\"Comment\",\"target\":[\"https:\\\/\\\/esmeraylaw.com\\\/tr\\\/medeni-kanun-hukumlerine-gore-kisitli-kisilerin-evlat-edinmeleri-mumkun\\\/#respond\"]}]},{\"@type\":\"WebPage\",\"@id\":\"https:\\\/\\\/esmeraylaw.com\\\/tr\\\/medeni-kanun-hukumlerine-gore-kisitli-kisilerin-evlat-edinmeleri-mumkun\\\/\",\"url\":\"https:\\\/\\\/esmeraylaw.com\\\/tr\\\/medeni-kanun-hukumlerine-gore-kisitli-kisilerin-evlat-edinmeleri-mumkun\\\/\",\"name\":\"Medeni Kanun H\u00fck\u00fcmlerine G\u00f6re K\u0131s\u0131tl\u0131 Ki\u015filerin Evlat Edinmeleri M\u00fcmk\u00fcn - Esmeray Hukuk B\u00fcrosu\",\"isPartOf\":{\"@id\":\"https:\\\/\\\/esmeraylaw.com\\\/tr\\\/#website\"},\"datePublished\":\"2020-10-17T14:54:56+00:00\",\"dateModified\":\"2021-02-20T21:10:57+00:00\",\"description\":\"Medeni Kanun h\u00fck\u00fcmlerine g\u00f6re k\u0131s\u0131tl\u0131lar\u0131n evlat edinmeleri m\u00fcmk\u00fcn oldu\u011funa g\u00f6re, evlat edinme usul\u00fcne uygun yap\u0131lan evlat edinmeler ge\u00e7erli olacakt\u0131r.\",\"breadcrumb\":{\"@id\":\"https:\\\/\\\/esmeraylaw.com\\\/tr\\\/medeni-kanun-hukumlerine-gore-kisitli-kisilerin-evlat-edinmeleri-mumkun\\\/#breadcrumb\"},\"inLanguage\":\"tr\",\"potentialAction\":[{\"@type\":\"ReadAction\",\"target\":[\"https:\\\/\\\/esmeraylaw.com\\\/tr\\\/medeni-kanun-hukumlerine-gore-kisitli-kisilerin-evlat-edinmeleri-mumkun\\\/\"]}]},{\"@type\":\"BreadcrumbList\",\"@id\":\"https:\\\/\\\/esmeraylaw.com\\\/tr\\\/medeni-kanun-hukumlerine-gore-kisitli-kisilerin-evlat-edinmeleri-mumkun\\\/#breadcrumb\",\"itemListElement\":[{\"@type\":\"ListItem\",\"position\":1,\"name\":\"Ana sayfa\",\"item\":\"https:\\\/\\\/esmeraylaw.com\\\/tr\\\/\"},{\"@type\":\"ListItem\",\"position\":2,\"name\":\"Medeni Kanun H\u00fck\u00fcmlerine G\u00f6re K\u0131s\u0131tl\u0131 Ki\u015filerin Evlat Edinmeleri M\u00fcmk\u00fcn\"}]},{\"@type\":\"WebSite\",\"@id\":\"https:\\\/\\\/esmeraylaw.com\\\/tr\\\/#website\",\"url\":\"https:\\\/\\\/esmeraylaw.com\\\/tr\\\/\",\"name\":\"Esmeray Hukuk B\u00fcrosu\",\"description\":\"Ticaret Hukuku Avukat\u0131\",\"publisher\":{\"@id\":\"https:\\\/\\\/esmeraylaw.com\\\/tr\\\/#organization\"},\"potentialAction\":[{\"@type\":\"SearchAction\",\"target\":{\"@type\":\"EntryPoint\",\"urlTemplate\":\"https:\\\/\\\/esmeraylaw.com\\\/tr\\\/?s={search_term_string}\"},\"query-input\":{\"@type\":\"PropertyValueSpecification\",\"valueRequired\":true,\"valueName\":\"search_term_string\"}}],\"inLanguage\":\"tr\"},{\"@type\":\"Organization\",\"@id\":\"https:\\\/\\\/esmeraylaw.com\\\/tr\\\/#organization\",\"name\":\"Esmeray Hukuk B\u00fcrosu\",\"url\":\"https:\\\/\\\/esmeraylaw.com\\\/tr\\\/\",\"logo\":{\"@type\":\"ImageObject\",\"inLanguage\":\"tr\",\"@id\":\"https:\\\/\\\/esmeraylaw.com\\\/tr\\\/#\\\/schema\\\/logo\\\/image\\\/\",\"url\":\"https:\\\/\\\/esmeraylaw.com\\\/tr\\\/wp-content\\\/uploads\\\/2020\\\/09\\\/logo.jpg\",\"contentUrl\":\"https:\\\/\\\/esmeraylaw.com\\\/tr\\\/wp-content\\\/uploads\\\/2020\\\/09\\\/logo.jpg\",\"width\":122,\"height\":65,\"caption\":\"Esmeray Hukuk B\u00fcrosu\"},\"image\":{\"@id\":\"https:\\\/\\\/esmeraylaw.com\\\/tr\\\/#\\\/schema\\\/logo\\\/image\\\/\"},\"sameAs\":[\"https:\\\/\\\/www.facebook.com\\\/esmeraylaw\",\"https:\\\/\\\/x.com\\\/EsmerayLaw\",\"https:\\\/\\\/www.instagram.com\\\/esmerayhukukburosu\",\"https:\\\/\\\/www.linkedin.com\\\/in\\\/esmeraylaw\"]},{\"@type\":\"Person\",\"@id\":\"https:\\\/\\\/esmeraylaw.com\\\/tr\\\/#\\\/schema\\\/person\\\/99f6451f0a330c75209277c8c8e674f4\",\"name\":\"Fehmi Esmeray\",\"image\":{\"@type\":\"ImageObject\",\"inLanguage\":\"tr\",\"@id\":\"https:\\\/\\\/secure.gravatar.com\\\/avatar\\\/1146e0f4e56c81d3812c7a51f07c3adc714b2b130ac895b2d8ab9a22d23e10a7?s=96&d=mm&r=g\",\"url\":\"https:\\\/\\\/secure.gravatar.com\\\/avatar\\\/1146e0f4e56c81d3812c7a51f07c3adc714b2b130ac895b2d8ab9a22d23e10a7?s=96&d=mm&r=g\",\"contentUrl\":\"https:\\\/\\\/secure.gravatar.com\\\/avatar\\\/1146e0f4e56c81d3812c7a51f07c3adc714b2b130ac895b2d8ab9a22d23e10a7?s=96&d=mm&r=g\",\"caption\":\"Fehmi Esmeray\"},\"url\":\"https:\\\/\\\/esmeraylaw.com\\\/tr\\\/author\\\/eslaw\\\/\"}]}<\/script>\n<!-- \/ Yoast SEO plugin. -->","yoast_head_json":{"title":"Medeni Kanun H\u00fck\u00fcmlerine G\u00f6re K\u0131s\u0131tl\u0131 Ki\u015filerin Evlat Edinmeleri M\u00fcmk\u00fcn - Esmeray Hukuk B\u00fcrosu","description":"Medeni Kanun h\u00fck\u00fcmlerine g\u00f6re k\u0131s\u0131tl\u0131lar\u0131n evlat edinmeleri m\u00fcmk\u00fcn oldu\u011funa g\u00f6re, evlat edinme usul\u00fcne uygun yap\u0131lan evlat edinmeler ge\u00e7erli olacakt\u0131r.","robots":{"index":"index","follow":"follow","max-snippet":"max-snippet:-1","max-image-preview":"max-image-preview:large","max-video-preview":"max-video-preview:-1"},"canonical":"https:\/\/esmeraylaw.com\/tr\/medeni-kanun-hukumlerine-gore-kisitli-kisilerin-evlat-edinmeleri-mumkun\/","og_locale":"tr_TR","og_type":"article","og_title":"Medeni Kanun H\u00fck\u00fcmlerine G\u00f6re K\u0131s\u0131tl\u0131 Ki\u015filerin Evlat Edinmeleri M\u00fcmk\u00fcn - Esmeray Hukuk B\u00fcrosu","og_description":"Medeni Kanun h\u00fck\u00fcmlerine g\u00f6re k\u0131s\u0131tl\u0131lar\u0131n evlat edinmeleri m\u00fcmk\u00fcn oldu\u011funa g\u00f6re, evlat edinme usul\u00fcne uygun yap\u0131lan evlat edinmeler ge\u00e7erli olacakt\u0131r.","og_url":"https:\/\/esmeraylaw.com\/tr\/medeni-kanun-hukumlerine-gore-kisitli-kisilerin-evlat-edinmeleri-mumkun\/","og_site_name":"Esmeray Hukuk B\u00fcrosu","article_publisher":"https:\/\/www.facebook.com\/esmeraylaw","article_published_time":"2020-10-17T14:54:56+00:00","article_modified_time":"2021-02-20T21:10:57+00:00","og_image":[{"width":122,"height":65,"url":"https:\/\/esmeraylaw.com\/tr\/wp-content\/uploads\/2020\/09\/logo.jpg","type":"image\/jpeg"}],"author":"Fehmi Esmeray","twitter_card":"summary_large_image","twitter_creator":"@EsmerayLaw","twitter_site":"@EsmerayLaw","twitter_misc":{"Yazan:":"Fehmi Esmeray","Tahmini okuma s\u00fcresi":"4 dakika"},"schema":{"@context":"https:\/\/schema.org","@graph":[{"@type":"Article","@id":"https:\/\/esmeraylaw.com\/tr\/medeni-kanun-hukumlerine-gore-kisitli-kisilerin-evlat-edinmeleri-mumkun\/#article","isPartOf":{"@id":"https:\/\/esmeraylaw.com\/tr\/medeni-kanun-hukumlerine-gore-kisitli-kisilerin-evlat-edinmeleri-mumkun\/"},"author":{"name":"Fehmi Esmeray","@id":"https:\/\/esmeraylaw.com\/tr\/#\/schema\/person\/99f6451f0a330c75209277c8c8e674f4"},"headline":"Medeni Kanun H\u00fck\u00fcmlerine G\u00f6re K\u0131s\u0131tl\u0131 Ki\u015filerin Evlat Edinmeleri M\u00fcmk\u00fcn","datePublished":"2020-10-17T14:54:56+00:00","dateModified":"2021-02-20T21:10:57+00:00","mainEntityOfPage":{"@id":"https:\/\/esmeraylaw.com\/tr\/medeni-kanun-hukumlerine-gore-kisitli-kisilerin-evlat-edinmeleri-mumkun\/"},"wordCount":844,"commentCount":0,"publisher":{"@id":"https:\/\/esmeraylaw.com\/tr\/#organization"},"articleSection":["Ictihat"],"inLanguage":"tr","potentialAction":[{"@type":"CommentAction","name":"Comment","target":["https:\/\/esmeraylaw.com\/tr\/medeni-kanun-hukumlerine-gore-kisitli-kisilerin-evlat-edinmeleri-mumkun\/#respond"]}]},{"@type":"WebPage","@id":"https:\/\/esmeraylaw.com\/tr\/medeni-kanun-hukumlerine-gore-kisitli-kisilerin-evlat-edinmeleri-mumkun\/","url":"https:\/\/esmeraylaw.com\/tr\/medeni-kanun-hukumlerine-gore-kisitli-kisilerin-evlat-edinmeleri-mumkun\/","name":"Medeni Kanun H\u00fck\u00fcmlerine G\u00f6re K\u0131s\u0131tl\u0131 Ki\u015filerin Evlat Edinmeleri M\u00fcmk\u00fcn - Esmeray Hukuk B\u00fcrosu","isPartOf":{"@id":"https:\/\/esmeraylaw.com\/tr\/#website"},"datePublished":"2020-10-17T14:54:56+00:00","dateModified":"2021-02-20T21:10:57+00:00","description":"Medeni Kanun h\u00fck\u00fcmlerine g\u00f6re k\u0131s\u0131tl\u0131lar\u0131n evlat edinmeleri m\u00fcmk\u00fcn oldu\u011funa g\u00f6re, evlat edinme usul\u00fcne uygun yap\u0131lan evlat edinmeler ge\u00e7erli olacakt\u0131r.","breadcrumb":{"@id":"https:\/\/esmeraylaw.com\/tr\/medeni-kanun-hukumlerine-gore-kisitli-kisilerin-evlat-edinmeleri-mumkun\/#breadcrumb"},"inLanguage":"tr","potentialAction":[{"@type":"ReadAction","target":["https:\/\/esmeraylaw.com\/tr\/medeni-kanun-hukumlerine-gore-kisitli-kisilerin-evlat-edinmeleri-mumkun\/"]}]},{"@type":"BreadcrumbList","@id":"https:\/\/esmeraylaw.com\/tr\/medeni-kanun-hukumlerine-gore-kisitli-kisilerin-evlat-edinmeleri-mumkun\/#breadcrumb","itemListElement":[{"@type":"ListItem","position":1,"name":"Ana sayfa","item":"https:\/\/esmeraylaw.com\/tr\/"},{"@type":"ListItem","position":2,"name":"Medeni Kanun H\u00fck\u00fcmlerine G\u00f6re K\u0131s\u0131tl\u0131 Ki\u015filerin Evlat Edinmeleri M\u00fcmk\u00fcn"}]},{"@type":"WebSite","@id":"https:\/\/esmeraylaw.com\/tr\/#website","url":"https:\/\/esmeraylaw.com\/tr\/","name":"Esmeray Hukuk B\u00fcrosu","description":"Ticaret Hukuku Avukat\u0131","publisher":{"@id":"https:\/\/esmeraylaw.com\/tr\/#organization"},"potentialAction":[{"@type":"SearchAction","target":{"@type":"EntryPoint","urlTemplate":"https:\/\/esmeraylaw.com\/tr\/?s={search_term_string}"},"query-input":{"@type":"PropertyValueSpecification","valueRequired":true,"valueName":"search_term_string"}}],"inLanguage":"tr"},{"@type":"Organization","@id":"https:\/\/esmeraylaw.com\/tr\/#organization","name":"Esmeray Hukuk B\u00fcrosu","url":"https:\/\/esmeraylaw.com\/tr\/","logo":{"@type":"ImageObject","inLanguage":"tr","@id":"https:\/\/esmeraylaw.com\/tr\/#\/schema\/logo\/image\/","url":"https:\/\/esmeraylaw.com\/tr\/wp-content\/uploads\/2020\/09\/logo.jpg","contentUrl":"https:\/\/esmeraylaw.com\/tr\/wp-content\/uploads\/2020\/09\/logo.jpg","width":122,"height":65,"caption":"Esmeray Hukuk B\u00fcrosu"},"image":{"@id":"https:\/\/esmeraylaw.com\/tr\/#\/schema\/logo\/image\/"},"sameAs":["https:\/\/www.facebook.com\/esmeraylaw","https:\/\/x.com\/EsmerayLaw","https:\/\/www.instagram.com\/esmerayhukukburosu","https:\/\/www.linkedin.com\/in\/esmeraylaw"]},{"@type":"Person","@id":"https:\/\/esmeraylaw.com\/tr\/#\/schema\/person\/99f6451f0a330c75209277c8c8e674f4","name":"Fehmi Esmeray","image":{"@type":"ImageObject","inLanguage":"tr","@id":"https:\/\/secure.gravatar.com\/avatar\/1146e0f4e56c81d3812c7a51f07c3adc714b2b130ac895b2d8ab9a22d23e10a7?s=96&d=mm&r=g","url":"https:\/\/secure.gravatar.com\/avatar\/1146e0f4e56c81d3812c7a51f07c3adc714b2b130ac895b2d8ab9a22d23e10a7?s=96&d=mm&r=g","contentUrl":"https:\/\/secure.gravatar.com\/avatar\/1146e0f4e56c81d3812c7a51f07c3adc714b2b130ac895b2d8ab9a22d23e10a7?s=96&d=mm&r=g","caption":"Fehmi Esmeray"},"url":"https:\/\/esmeraylaw.com\/tr\/author\/eslaw\/"}]}},"_links":{"self":[{"href":"https:\/\/esmeraylaw.com\/tr\/wp-json\/wp\/v2\/posts\/153","targetHints":{"allow":["GET"]}}],"collection":[{"href":"https:\/\/esmeraylaw.com\/tr\/wp-json\/wp\/v2\/posts"}],"about":[{"href":"https:\/\/esmeraylaw.com\/tr\/wp-json\/wp\/v2\/types\/post"}],"author":[{"embeddable":true,"href":"https:\/\/esmeraylaw.com\/tr\/wp-json\/wp\/v2\/users\/2"}],"replies":[{"embeddable":true,"href":"https:\/\/esmeraylaw.com\/tr\/wp-json\/wp\/v2\/comments?post=153"}],"version-history":[{"count":0,"href":"https:\/\/esmeraylaw.com\/tr\/wp-json\/wp\/v2\/posts\/153\/revisions"}],"wp:attachment":[{"href":"https:\/\/esmeraylaw.com\/tr\/wp-json\/wp\/v2\/media?parent=153"}],"wp:term":[{"taxonomy":"category","embeddable":true,"href":"https:\/\/esmeraylaw.com\/tr\/wp-json\/wp\/v2\/categories?post=153"},{"taxonomy":"post_tag","embeddable":true,"href":"https:\/\/esmeraylaw.com\/tr\/wp-json\/wp\/v2\/tags?post=153"}],"curies":[{"name":"wp","href":"https:\/\/api.w.org\/{rel}","templated":true}]}}