{"id":156,"date":"2020-10-18T01:43:43","date_gmt":"2020-10-17T22:43:43","guid":{"rendered":"https:\/\/esmeraylaw.com\/tr\/?p=156"},"modified":"2021-02-21T00:10:33","modified_gmt":"2021-02-20T21:10:33","slug":"vesayet-davalari-kamu-duzeninden-oldugundan-mahkeme-davaya-devam-etmeli","status":"publish","type":"post","link":"https:\/\/esmeraylaw.com\/tr\/vesayet-davalari-kamu-duzeninden-oldugundan-mahkeme-davaya-devam-etmeli\/","title":{"rendered":"Vesayete \u0130li\u015fkin Davalar Kamu D\u00fczenine \u0130li\u015fkin Oldu\u011fundan, Davac\u0131 Davadan Feragat Etse Bile Mahkeme Yarg\u0131lamaya Devam Etmeli"},"content":{"rendered":"<p>[vc_row][vc_column][vc_column_text]<strong>Yarg\u0131tay<\/strong><\/p>\n<p><strong>8. Hukuk Dairesi<\/strong><\/p>\n<p><strong>Esas No: 2019\/6707<\/strong><\/p>\n<p><strong>Karar No: 2020\/1224<\/strong><\/p>\n<p style=\"text-align: justify;\"><strong>\u00d6ZET: <\/strong>Vesayete ili\u015fkin davalar kamu d\u00fczenini ilgilendirdi\u011finden, davac\u0131 davadan feragat etse de, mahkemece k\u0131s\u0131tl\u0131 aday\u0131 hakk\u0131nda tam te\u015fekk\u00fcll\u00fc devlet hastanesinden sa\u011fl\u0131k kurulu raporu ald\u0131r\u0131l\u0131p, sonuca g\u00f6re karar verilmelidir.<\/p>\n<p><strong>&#8220;\u0130\u00e7tihat Metni&#8221;<\/strong><\/p>\n<p><strong>MAHKEMES\u0130<\/strong>: Sulh Hukuk Mahkemesi<\/p>\n<p><strong>DAVA T\u00dcR\u00dc<\/strong>: Vesayet<\/p>\n<p style=\"text-align: justify;\">Taraflar aras\u0131nda g\u00f6r\u00fclen ve yukar\u0131da a\u00e7\u0131klanan davada yap\u0131lan yarg\u0131lama sonunda Mahkemece, &#8230;&#8217;in k\u0131s\u0131tlanmas\u0131na ve annesinin velayeti alt\u0131nda b\u0131rak\u0131lmas\u0131na karar verilmi\u015f olup h\u00fckm\u00fcn davac\u0131 taraf\u0131ndan temyiz edilmesi \u00fczerine, Dairece dosya incelendi, gere\u011fi d\u00fc\u015f\u00fcn\u00fcld\u00fc.<\/p>\n<p><strong>KARAR<\/strong><\/p>\n<p style=\"text-align: justify;\">Davac\u0131 &#8230; dava dilek\u00e7esinde \u015fizofreni tan\u0131s\u0131 ile tedavi olan k\u0131z\u0131 &#8230;&#8217;in k\u0131s\u0131tlanmas\u0131na karar verilmesini istemi\u015f; mahkemece, TMK 405.madde kapsam\u0131nda ak\u0131l sa\u011fl\u0131\u011f\u0131 y\u00f6n\u00fcnden &#8230;&#8217;in k\u0131s\u0131tlanmas\u0131na ve annesi &#8230;&#8217;\u0131n velayeti alt\u0131na konulmas\u0131na dair verilen karar davac\u0131 taraf\u0131ndan temyiz edilmi\u015ftir.<\/p>\n<p style=\"text-align: justify;\">Dava, 4721 say\u0131l\u0131 T\u00fcrk Medeni Kanunu&#8217;nun 405. maddesi kapsam\u0131nda kalan, ak\u0131l hastal\u0131\u011f\u0131 veya ak\u0131l zay\u0131fl\u0131\u011f\u0131 sebeplerine dayal\u0131 k\u0131s\u0131tlanma karar\u0131 verilmesi istemine ili\u015fkindir.<\/p>\n<p style=\"text-align: justify;\">Vesayet, vel\u00e2yet alt\u0131nda bulunmayan k\u00fc\u00e7\u00fcklerin ve istisna\u00ee olarak vel\u00e2yet alt\u0131na al\u0131nmam\u0131\u015f baz\u0131 erginlerin korunmas\u0131 amac\u0131yla kabul edilen bir hukuk\u00ee kurumdur.<\/p>\n<p style=\"text-align: justify;\">K\u0131s\u0131tlanmay\u0131 gerektiren haller kanunda tahdidi olarak say\u0131lm\u0131\u015f olup ergin bir ki\u015fi hakk\u0131nda k\u0131s\u0131tlama karar\u0131 verilerek, kendisine vasi atanabilmesi i\u00e7in, T\u00fcrk Meden\u00ee Kanunu&#8217;nun 405-408. maddelerinde \u00f6ng\u00f6r\u00fclen k\u0131s\u0131tlama sebeplerinden birinin varl\u0131\u011f\u0131 gerekir.<\/p>\n<p style=\"text-align: justify;\">Ak\u0131l hastal\u0131\u011f\u0131 veya ak\u0131l zay\u0131fl\u0131\u011f\u0131 sebebiyle, ergin bir ki\u015fi, i\u015flerini g\u00f6remedi\u011fi veya korunmas\u0131 ve bak\u0131m\u0131 i\u00e7in kendisine s\u00fcrekli yard\u0131m gerekti\u011fi ya da ba\u015fkalar\u0131n\u0131n g\u00fcvenli\u011fini tehlikeye soktu\u011fu takdirde, k\u0131s\u0131tlan\u0131r (TMK.mad.405\/I).<\/p>\n<p style=\"text-align: justify;\">K\u0131s\u0131tlama karar\u0131 verilmesi usul\u00fc T\u00fcrk Meden\u00ee Kanunu&#8217;nun 409. maddesinde d\u00fczenlenmi\u015ftir. Maddenin ikinci f\u0131kras\u0131na g\u00f6re, bir ki\u015finin ak\u0131l hastal\u0131\u011f\u0131 ve ak\u0131l zay\u0131fl\u0131\u011f\u0131 sebepleriyle k\u0131s\u0131tlanmas\u0131 i\u00e7in, resm\u00ee sa\u011fl\u0131k kurulu raporu al\u0131nmas\u0131 zorunlu olup H\u00e2kim, bu sebeplerle k\u0131s\u0131tlama karar\u0131 vermeden \u00f6nce, k\u0131s\u0131tlanmas\u0131 istenen ki\u015fiyi dinleyebilir.<\/p>\n<p style=\"text-align: justify;\">Vesayete ili\u015fkin davalar kamu d\u00fczenini ilgilendirmesi sebebiyle mahkeme karar\u0131ndan sonra davac\u0131n\u0131n davadan feragat etti\u011fine dair beyan\u0131 ge\u00e7erli olmad\u0131\u011f\u0131ndan k\u0131s\u0131tlanmas\u0131 istenilen &#8230;&#8217;i tam te\u015fekk\u00fcll\u00fc bir devlet hastahanesine sevki ile ak\u0131l hastal\u0131\u011f\u0131 ve ak\u0131l zay\u0131fl\u0131\u011f\u0131 sebepleriyle k\u0131s\u0131tlanmas\u0131 gerekip gerekmedi\u011fi hususunda resmi sa\u011fl\u0131k kurulu raporu al\u0131narak sonucuna g\u00f6re karar verilmesi gerekirken kanun maddesine ayk\u0131r\u0131 olarak tek hekim raporuna dayal\u0131 olarak yaz\u0131l\u0131 \u015fekilde karar verilmesi do\u011fru g\u00f6r\u00fclmemi\u015ftir.<\/p>\n<p style=\"text-align: justify;\"><strong>SONU\u00c7:<\/strong> Davac\u0131n\u0131n yaz\u0131l\u0131 temyiz itirazlar\u0131n\u0131n yukar\u0131da g\u00f6sterilen nedenlerle kabul\u00fc ile h\u00fckm\u00fcn 6100 say\u0131l\u0131 HMK&#8217;nin Ge\u00e7ici 3. maddesi yollamas\u0131 ile HUMK\u2019un 428. maddesi uyar\u0131nca BOZULMASINA, HUMK&#8217;n\u0131n 440\/III-1, 2, 3 ve 4. bentleri gere\u011fince ilama kar\u015f\u0131 karar d\u00fczeltme yolu kapal\u0131 bulundu\u011funa, 12.02.2020 tarihinde oy birli\u011fiyle karar verildi.<\/p>\n<p>[\/vc_column_text][\/vc_column][\/vc_row]<\/p>\n","protected":false},"excerpt":{"rendered":"<p>[vc_row][vc_column][vc_column_text]Yarg\u0131tay 8. Hukuk Dairesi Esas No: 2019\/6707 Karar No: 2020\/1224 \u00d6ZET: Vesayete ili\u015fkin davalar kamu d\u00fczenini ilgilendirdi\u011finden, davac\u0131 davadan feragat etse de, mahkemece k\u0131s\u0131tl\u0131 aday\u0131 hakk\u0131nda<span class=\"excerpt-hellip\"> [\u2026]<\/span><\/p>\n","protected":false},"author":2,"featured_media":0,"comment_status":"open","ping_status":"closed","sticky":false,"template":"","format":"standard","meta":{"footnotes":""},"categories":[6],"tags":[],"class_list":["post-156","post","type-post","status-publish","format-standard","hentry","category-ictihat"],"yoast_head":"<!-- This site is optimized with the Yoast SEO plugin v27.5 - https:\/\/yoast.com\/product\/yoast-seo-wordpress\/ -->\n<title>Vesayete \u0130li\u015fkin Davalar Kamu D\u00fczenine \u0130li\u015fkin Oldu\u011fundan, Davac\u0131 Davadan Feragat Etse Bile Mahkeme Yarg\u0131lamaya Devam Etmeli - Esmeray Hukuk B\u00fcrosu<\/title>\n<meta name=\"description\" content=\"Vesayete ili\u015fkin davalar kamu d\u00fczenini ilgilendirdi\u011finden, davac\u0131 davadan feragat etse de, mahkemece k\u0131s\u0131tl\u0131 aday\u0131 hakk\u0131nda tam te\u015fekk\u00fcll\u00fc devlet hastanesinden sa\u011fl\u0131k kurulu raporu ald\u0131r\u0131l\u0131p, sonuca g\u00f6re karar verilmelidir.\" \/>\n<meta name=\"robots\" content=\"index, follow, max-snippet:-1, max-image-preview:large, max-video-preview:-1\" \/>\n<link rel=\"canonical\" href=\"https:\/\/esmeraylaw.com\/tr\/vesayet-davalari-kamu-duzeninden-oldugundan-mahkeme-davaya-devam-etmeli\/\" \/>\n<meta property=\"og:locale\" content=\"tr_TR\" \/>\n<meta property=\"og:type\" content=\"article\" \/>\n<meta property=\"og:title\" content=\"Vesayete \u0130li\u015fkin Davalar Kamu D\u00fczenine \u0130li\u015fkin Oldu\u011fundan, Davac\u0131 Davadan Feragat Etse Bile Mahkeme Yarg\u0131lamaya Devam Etmeli - Esmeray Hukuk B\u00fcrosu\" \/>\n<meta property=\"og:description\" content=\"Vesayete ili\u015fkin davalar kamu d\u00fczenini ilgilendirdi\u011finden, davac\u0131 davadan feragat etse de, mahkemece k\u0131s\u0131tl\u0131 aday\u0131 hakk\u0131nda tam te\u015fekk\u00fcll\u00fc devlet hastanesinden sa\u011fl\u0131k kurulu raporu ald\u0131r\u0131l\u0131p, sonuca g\u00f6re karar verilmelidir.\" \/>\n<meta property=\"og:url\" content=\"https:\/\/esmeraylaw.com\/tr\/vesayet-davalari-kamu-duzeninden-oldugundan-mahkeme-davaya-devam-etmeli\/\" \/>\n<meta property=\"og:site_name\" content=\"Esmeray Hukuk B\u00fcrosu\" \/>\n<meta property=\"article:publisher\" content=\"https:\/\/www.facebook.com\/esmeraylaw\" \/>\n<meta property=\"article:published_time\" content=\"2020-10-17T22:43:43+00:00\" \/>\n<meta property=\"article:modified_time\" content=\"2021-02-20T21:10:33+00:00\" \/>\n<meta property=\"og:image\" content=\"https:\/\/esmeraylaw.com\/tr\/wp-content\/uploads\/2020\/09\/logo.jpg\" \/>\n\t<meta property=\"og:image:width\" content=\"122\" \/>\n\t<meta property=\"og:image:height\" content=\"65\" \/>\n\t<meta property=\"og:image:type\" content=\"image\/jpeg\" \/>\n<meta name=\"author\" content=\"Fehmi Esmeray\" \/>\n<meta name=\"twitter:card\" content=\"summary_large_image\" \/>\n<meta name=\"twitter:creator\" content=\"@EsmerayLaw\" \/>\n<meta name=\"twitter:site\" content=\"@EsmerayLaw\" \/>\n<meta name=\"twitter:label1\" content=\"Yazan:\" \/>\n\t<meta name=\"twitter:data1\" content=\"Fehmi Esmeray\" \/>\n\t<meta name=\"twitter:label2\" content=\"Tahmini okuma s\u00fcresi\" \/>\n\t<meta name=\"twitter:data2\" content=\"3 dakika\" \/>\n<script type=\"application\/ld+json\" class=\"yoast-schema-graph\">{\"@context\":\"https:\\\/\\\/schema.org\",\"@graph\":[{\"@type\":\"Article\",\"@id\":\"https:\\\/\\\/esmeraylaw.com\\\/tr\\\/vesayet-davalari-kamu-duzeninden-oldugundan-mahkeme-davaya-devam-etmeli\\\/#article\",\"isPartOf\":{\"@id\":\"https:\\\/\\\/esmeraylaw.com\\\/tr\\\/vesayet-davalari-kamu-duzeninden-oldugundan-mahkeme-davaya-devam-etmeli\\\/\"},\"author\":{\"name\":\"Fehmi Esmeray\",\"@id\":\"https:\\\/\\\/esmeraylaw.com\\\/tr\\\/#\\\/schema\\\/person\\\/99f6451f0a330c75209277c8c8e674f4\"},\"headline\":\"Vesayete \u0130li\u015fkin Davalar Kamu D\u00fczenine \u0130li\u015fkin Oldu\u011fundan, Davac\u0131 Davadan Feragat Etse Bile Mahkeme Yarg\u0131lamaya Devam Etmeli\",\"datePublished\":\"2020-10-17T22:43:43+00:00\",\"dateModified\":\"2021-02-20T21:10:33+00:00\",\"mainEntityOfPage\":{\"@id\":\"https:\\\/\\\/esmeraylaw.com\\\/tr\\\/vesayet-davalari-kamu-duzeninden-oldugundan-mahkeme-davaya-devam-etmeli\\\/\"},\"wordCount\":566,\"commentCount\":1,\"publisher\":{\"@id\":\"https:\\\/\\\/esmeraylaw.com\\\/tr\\\/#organization\"},\"articleSection\":[\"Ictihat\"],\"inLanguage\":\"tr\",\"potentialAction\":[{\"@type\":\"CommentAction\",\"name\":\"Comment\",\"target\":[\"https:\\\/\\\/esmeraylaw.com\\\/tr\\\/vesayet-davalari-kamu-duzeninden-oldugundan-mahkeme-davaya-devam-etmeli\\\/#respond\"]}]},{\"@type\":\"WebPage\",\"@id\":\"https:\\\/\\\/esmeraylaw.com\\\/tr\\\/vesayet-davalari-kamu-duzeninden-oldugundan-mahkeme-davaya-devam-etmeli\\\/\",\"url\":\"https:\\\/\\\/esmeraylaw.com\\\/tr\\\/vesayet-davalari-kamu-duzeninden-oldugundan-mahkeme-davaya-devam-etmeli\\\/\",\"name\":\"Vesayete \u0130li\u015fkin Davalar Kamu D\u00fczenine \u0130li\u015fkin Oldu\u011fundan, Davac\u0131 Davadan Feragat Etse Bile Mahkeme Yarg\u0131lamaya Devam Etmeli - Esmeray Hukuk B\u00fcrosu\",\"isPartOf\":{\"@id\":\"https:\\\/\\\/esmeraylaw.com\\\/tr\\\/#website\"},\"datePublished\":\"2020-10-17T22:43:43+00:00\",\"dateModified\":\"2021-02-20T21:10:33+00:00\",\"description\":\"Vesayete ili\u015fkin davalar kamu d\u00fczenini ilgilendirdi\u011finden, davac\u0131 davadan feragat etse de, mahkemece k\u0131s\u0131tl\u0131 aday\u0131 hakk\u0131nda tam te\u015fekk\u00fcll\u00fc devlet hastanesinden sa\u011fl\u0131k kurulu raporu ald\u0131r\u0131l\u0131p, sonuca g\u00f6re karar verilmelidir.\",\"breadcrumb\":{\"@id\":\"https:\\\/\\\/esmeraylaw.com\\\/tr\\\/vesayet-davalari-kamu-duzeninden-oldugundan-mahkeme-davaya-devam-etmeli\\\/#breadcrumb\"},\"inLanguage\":\"tr\",\"potentialAction\":[{\"@type\":\"ReadAction\",\"target\":[\"https:\\\/\\\/esmeraylaw.com\\\/tr\\\/vesayet-davalari-kamu-duzeninden-oldugundan-mahkeme-davaya-devam-etmeli\\\/\"]}]},{\"@type\":\"BreadcrumbList\",\"@id\":\"https:\\\/\\\/esmeraylaw.com\\\/tr\\\/vesayet-davalari-kamu-duzeninden-oldugundan-mahkeme-davaya-devam-etmeli\\\/#breadcrumb\",\"itemListElement\":[{\"@type\":\"ListItem\",\"position\":1,\"name\":\"Ana sayfa\",\"item\":\"https:\\\/\\\/esmeraylaw.com\\\/tr\\\/\"},{\"@type\":\"ListItem\",\"position\":2,\"name\":\"Vesayete \u0130li\u015fkin Davalar Kamu D\u00fczenine \u0130li\u015fkin Oldu\u011fundan, Davac\u0131 Davadan Feragat Etse Bile Mahkeme Yarg\u0131lamaya Devam Etmeli\"}]},{\"@type\":\"WebSite\",\"@id\":\"https:\\\/\\\/esmeraylaw.com\\\/tr\\\/#website\",\"url\":\"https:\\\/\\\/esmeraylaw.com\\\/tr\\\/\",\"name\":\"Esmeray Hukuk B\u00fcrosu\",\"description\":\"Ticaret Hukuku Avukat\u0131\",\"publisher\":{\"@id\":\"https:\\\/\\\/esmeraylaw.com\\\/tr\\\/#organization\"},\"potentialAction\":[{\"@type\":\"SearchAction\",\"target\":{\"@type\":\"EntryPoint\",\"urlTemplate\":\"https:\\\/\\\/esmeraylaw.com\\\/tr\\\/?s={search_term_string}\"},\"query-input\":{\"@type\":\"PropertyValueSpecification\",\"valueRequired\":true,\"valueName\":\"search_term_string\"}}],\"inLanguage\":\"tr\"},{\"@type\":\"Organization\",\"@id\":\"https:\\\/\\\/esmeraylaw.com\\\/tr\\\/#organization\",\"name\":\"Esmeray Hukuk B\u00fcrosu\",\"url\":\"https:\\\/\\\/esmeraylaw.com\\\/tr\\\/\",\"logo\":{\"@type\":\"ImageObject\",\"inLanguage\":\"tr\",\"@id\":\"https:\\\/\\\/esmeraylaw.com\\\/tr\\\/#\\\/schema\\\/logo\\\/image\\\/\",\"url\":\"https:\\\/\\\/esmeraylaw.com\\\/tr\\\/wp-content\\\/uploads\\\/2020\\\/09\\\/logo.jpg\",\"contentUrl\":\"https:\\\/\\\/esmeraylaw.com\\\/tr\\\/wp-content\\\/uploads\\\/2020\\\/09\\\/logo.jpg\",\"width\":122,\"height\":65,\"caption\":\"Esmeray Hukuk B\u00fcrosu\"},\"image\":{\"@id\":\"https:\\\/\\\/esmeraylaw.com\\\/tr\\\/#\\\/schema\\\/logo\\\/image\\\/\"},\"sameAs\":[\"https:\\\/\\\/www.facebook.com\\\/esmeraylaw\",\"https:\\\/\\\/x.com\\\/EsmerayLaw\",\"https:\\\/\\\/www.instagram.com\\\/esmerayhukukburosu\",\"https:\\\/\\\/www.linkedin.com\\\/in\\\/esmeraylaw\"]},{\"@type\":\"Person\",\"@id\":\"https:\\\/\\\/esmeraylaw.com\\\/tr\\\/#\\\/schema\\\/person\\\/99f6451f0a330c75209277c8c8e674f4\",\"name\":\"Fehmi Esmeray\",\"image\":{\"@type\":\"ImageObject\",\"inLanguage\":\"tr\",\"@id\":\"https:\\\/\\\/secure.gravatar.com\\\/avatar\\\/1146e0f4e56c81d3812c7a51f07c3adc714b2b130ac895b2d8ab9a22d23e10a7?s=96&d=mm&r=g\",\"url\":\"https:\\\/\\\/secure.gravatar.com\\\/avatar\\\/1146e0f4e56c81d3812c7a51f07c3adc714b2b130ac895b2d8ab9a22d23e10a7?s=96&d=mm&r=g\",\"contentUrl\":\"https:\\\/\\\/secure.gravatar.com\\\/avatar\\\/1146e0f4e56c81d3812c7a51f07c3adc714b2b130ac895b2d8ab9a22d23e10a7?s=96&d=mm&r=g\",\"caption\":\"Fehmi Esmeray\"},\"url\":\"https:\\\/\\\/esmeraylaw.com\\\/tr\\\/author\\\/eslaw\\\/\"}]}<\/script>\n<!-- \/ Yoast SEO plugin. -->","yoast_head_json":{"title":"Vesayete \u0130li\u015fkin Davalar Kamu D\u00fczenine \u0130li\u015fkin Oldu\u011fundan, Davac\u0131 Davadan Feragat Etse Bile Mahkeme Yarg\u0131lamaya Devam Etmeli - Esmeray Hukuk B\u00fcrosu","description":"Vesayete ili\u015fkin davalar kamu d\u00fczenini ilgilendirdi\u011finden, davac\u0131 davadan feragat etse de, mahkemece k\u0131s\u0131tl\u0131 aday\u0131 hakk\u0131nda tam te\u015fekk\u00fcll\u00fc devlet hastanesinden sa\u011fl\u0131k kurulu raporu ald\u0131r\u0131l\u0131p, sonuca g\u00f6re karar verilmelidir.","robots":{"index":"index","follow":"follow","max-snippet":"max-snippet:-1","max-image-preview":"max-image-preview:large","max-video-preview":"max-video-preview:-1"},"canonical":"https:\/\/esmeraylaw.com\/tr\/vesayet-davalari-kamu-duzeninden-oldugundan-mahkeme-davaya-devam-etmeli\/","og_locale":"tr_TR","og_type":"article","og_title":"Vesayete \u0130li\u015fkin Davalar Kamu D\u00fczenine \u0130li\u015fkin Oldu\u011fundan, Davac\u0131 Davadan Feragat Etse Bile Mahkeme Yarg\u0131lamaya Devam Etmeli - Esmeray Hukuk B\u00fcrosu","og_description":"Vesayete ili\u015fkin davalar kamu d\u00fczenini ilgilendirdi\u011finden, davac\u0131 davadan feragat etse de, mahkemece k\u0131s\u0131tl\u0131 aday\u0131 hakk\u0131nda tam te\u015fekk\u00fcll\u00fc devlet hastanesinden sa\u011fl\u0131k kurulu raporu ald\u0131r\u0131l\u0131p, sonuca g\u00f6re karar verilmelidir.","og_url":"https:\/\/esmeraylaw.com\/tr\/vesayet-davalari-kamu-duzeninden-oldugundan-mahkeme-davaya-devam-etmeli\/","og_site_name":"Esmeray Hukuk B\u00fcrosu","article_publisher":"https:\/\/www.facebook.com\/esmeraylaw","article_published_time":"2020-10-17T22:43:43+00:00","article_modified_time":"2021-02-20T21:10:33+00:00","og_image":[{"width":122,"height":65,"url":"https:\/\/esmeraylaw.com\/tr\/wp-content\/uploads\/2020\/09\/logo.jpg","type":"image\/jpeg"}],"author":"Fehmi Esmeray","twitter_card":"summary_large_image","twitter_creator":"@EsmerayLaw","twitter_site":"@EsmerayLaw","twitter_misc":{"Yazan:":"Fehmi Esmeray","Tahmini okuma s\u00fcresi":"3 dakika"},"schema":{"@context":"https:\/\/schema.org","@graph":[{"@type":"Article","@id":"https:\/\/esmeraylaw.com\/tr\/vesayet-davalari-kamu-duzeninden-oldugundan-mahkeme-davaya-devam-etmeli\/#article","isPartOf":{"@id":"https:\/\/esmeraylaw.com\/tr\/vesayet-davalari-kamu-duzeninden-oldugundan-mahkeme-davaya-devam-etmeli\/"},"author":{"name":"Fehmi Esmeray","@id":"https:\/\/esmeraylaw.com\/tr\/#\/schema\/person\/99f6451f0a330c75209277c8c8e674f4"},"headline":"Vesayete \u0130li\u015fkin Davalar Kamu D\u00fczenine \u0130li\u015fkin Oldu\u011fundan, Davac\u0131 Davadan Feragat Etse Bile Mahkeme Yarg\u0131lamaya Devam Etmeli","datePublished":"2020-10-17T22:43:43+00:00","dateModified":"2021-02-20T21:10:33+00:00","mainEntityOfPage":{"@id":"https:\/\/esmeraylaw.com\/tr\/vesayet-davalari-kamu-duzeninden-oldugundan-mahkeme-davaya-devam-etmeli\/"},"wordCount":566,"commentCount":1,"publisher":{"@id":"https:\/\/esmeraylaw.com\/tr\/#organization"},"articleSection":["Ictihat"],"inLanguage":"tr","potentialAction":[{"@type":"CommentAction","name":"Comment","target":["https:\/\/esmeraylaw.com\/tr\/vesayet-davalari-kamu-duzeninden-oldugundan-mahkeme-davaya-devam-etmeli\/#respond"]}]},{"@type":"WebPage","@id":"https:\/\/esmeraylaw.com\/tr\/vesayet-davalari-kamu-duzeninden-oldugundan-mahkeme-davaya-devam-etmeli\/","url":"https:\/\/esmeraylaw.com\/tr\/vesayet-davalari-kamu-duzeninden-oldugundan-mahkeme-davaya-devam-etmeli\/","name":"Vesayete \u0130li\u015fkin Davalar Kamu D\u00fczenine \u0130li\u015fkin Oldu\u011fundan, Davac\u0131 Davadan Feragat Etse Bile Mahkeme Yarg\u0131lamaya Devam Etmeli - Esmeray Hukuk B\u00fcrosu","isPartOf":{"@id":"https:\/\/esmeraylaw.com\/tr\/#website"},"datePublished":"2020-10-17T22:43:43+00:00","dateModified":"2021-02-20T21:10:33+00:00","description":"Vesayete ili\u015fkin davalar kamu d\u00fczenini ilgilendirdi\u011finden, davac\u0131 davadan feragat etse de, mahkemece k\u0131s\u0131tl\u0131 aday\u0131 hakk\u0131nda tam te\u015fekk\u00fcll\u00fc devlet hastanesinden sa\u011fl\u0131k kurulu raporu ald\u0131r\u0131l\u0131p, sonuca g\u00f6re karar verilmelidir.","breadcrumb":{"@id":"https:\/\/esmeraylaw.com\/tr\/vesayet-davalari-kamu-duzeninden-oldugundan-mahkeme-davaya-devam-etmeli\/#breadcrumb"},"inLanguage":"tr","potentialAction":[{"@type":"ReadAction","target":["https:\/\/esmeraylaw.com\/tr\/vesayet-davalari-kamu-duzeninden-oldugundan-mahkeme-davaya-devam-etmeli\/"]}]},{"@type":"BreadcrumbList","@id":"https:\/\/esmeraylaw.com\/tr\/vesayet-davalari-kamu-duzeninden-oldugundan-mahkeme-davaya-devam-etmeli\/#breadcrumb","itemListElement":[{"@type":"ListItem","position":1,"name":"Ana sayfa","item":"https:\/\/esmeraylaw.com\/tr\/"},{"@type":"ListItem","position":2,"name":"Vesayete \u0130li\u015fkin Davalar Kamu D\u00fczenine \u0130li\u015fkin Oldu\u011fundan, Davac\u0131 Davadan Feragat Etse Bile Mahkeme Yarg\u0131lamaya Devam Etmeli"}]},{"@type":"WebSite","@id":"https:\/\/esmeraylaw.com\/tr\/#website","url":"https:\/\/esmeraylaw.com\/tr\/","name":"Esmeray Hukuk B\u00fcrosu","description":"Ticaret Hukuku Avukat\u0131","publisher":{"@id":"https:\/\/esmeraylaw.com\/tr\/#organization"},"potentialAction":[{"@type":"SearchAction","target":{"@type":"EntryPoint","urlTemplate":"https:\/\/esmeraylaw.com\/tr\/?s={search_term_string}"},"query-input":{"@type":"PropertyValueSpecification","valueRequired":true,"valueName":"search_term_string"}}],"inLanguage":"tr"},{"@type":"Organization","@id":"https:\/\/esmeraylaw.com\/tr\/#organization","name":"Esmeray Hukuk B\u00fcrosu","url":"https:\/\/esmeraylaw.com\/tr\/","logo":{"@type":"ImageObject","inLanguage":"tr","@id":"https:\/\/esmeraylaw.com\/tr\/#\/schema\/logo\/image\/","url":"https:\/\/esmeraylaw.com\/tr\/wp-content\/uploads\/2020\/09\/logo.jpg","contentUrl":"https:\/\/esmeraylaw.com\/tr\/wp-content\/uploads\/2020\/09\/logo.jpg","width":122,"height":65,"caption":"Esmeray Hukuk B\u00fcrosu"},"image":{"@id":"https:\/\/esmeraylaw.com\/tr\/#\/schema\/logo\/image\/"},"sameAs":["https:\/\/www.facebook.com\/esmeraylaw","https:\/\/x.com\/EsmerayLaw","https:\/\/www.instagram.com\/esmerayhukukburosu","https:\/\/www.linkedin.com\/in\/esmeraylaw"]},{"@type":"Person","@id":"https:\/\/esmeraylaw.com\/tr\/#\/schema\/person\/99f6451f0a330c75209277c8c8e674f4","name":"Fehmi Esmeray","image":{"@type":"ImageObject","inLanguage":"tr","@id":"https:\/\/secure.gravatar.com\/avatar\/1146e0f4e56c81d3812c7a51f07c3adc714b2b130ac895b2d8ab9a22d23e10a7?s=96&d=mm&r=g","url":"https:\/\/secure.gravatar.com\/avatar\/1146e0f4e56c81d3812c7a51f07c3adc714b2b130ac895b2d8ab9a22d23e10a7?s=96&d=mm&r=g","contentUrl":"https:\/\/secure.gravatar.com\/avatar\/1146e0f4e56c81d3812c7a51f07c3adc714b2b130ac895b2d8ab9a22d23e10a7?s=96&d=mm&r=g","caption":"Fehmi Esmeray"},"url":"https:\/\/esmeraylaw.com\/tr\/author\/eslaw\/"}]}},"_links":{"self":[{"href":"https:\/\/esmeraylaw.com\/tr\/wp-json\/wp\/v2\/posts\/156","targetHints":{"allow":["GET"]}}],"collection":[{"href":"https:\/\/esmeraylaw.com\/tr\/wp-json\/wp\/v2\/posts"}],"about":[{"href":"https:\/\/esmeraylaw.com\/tr\/wp-json\/wp\/v2\/types\/post"}],"author":[{"embeddable":true,"href":"https:\/\/esmeraylaw.com\/tr\/wp-json\/wp\/v2\/users\/2"}],"replies":[{"embeddable":true,"href":"https:\/\/esmeraylaw.com\/tr\/wp-json\/wp\/v2\/comments?post=156"}],"version-history":[{"count":0,"href":"https:\/\/esmeraylaw.com\/tr\/wp-json\/wp\/v2\/posts\/156\/revisions"}],"wp:attachment":[{"href":"https:\/\/esmeraylaw.com\/tr\/wp-json\/wp\/v2\/media?parent=156"}],"wp:term":[{"taxonomy":"category","embeddable":true,"href":"https:\/\/esmeraylaw.com\/tr\/wp-json\/wp\/v2\/categories?post=156"},{"taxonomy":"post_tag","embeddable":true,"href":"https:\/\/esmeraylaw.com\/tr\/wp-json\/wp\/v2\/tags?post=156"}],"curies":[{"name":"wp","href":"https:\/\/api.w.org\/{rel}","templated":true}]}}