{"id":160,"date":"2020-10-26T23:35:35","date_gmt":"2020-10-26T20:35:35","guid":{"rendered":"https:\/\/esmeraylaw.com\/tr\/?p=160"},"modified":"2021-02-21T00:10:15","modified_gmt":"2021-02-20T21:10:15","slug":"bosanma-davasinda-esin-olumu-sonrasinda-sizofren-tedavisi-gordugunun-anlasilmasi","status":"publish","type":"post","link":"https:\/\/esmeraylaw.com\/tr\/bosanma-davasinda-esin-olumu-sonrasinda-sizofren-tedavisi-gordugunun-anlasilmasi\/","title":{"rendered":"Bo\u015fanma Davas\u0131nda E\u015fin \u00d6l\u00fcm\u00fc Sonras\u0131nda \u015eizofren Tedavisi G\u00f6rd\u00fc\u011f\u00fcn\u00fcn Anla\u015f\u0131lmas\u0131 \u00dczerine Fiil Ehliyetinin Tespiti \u0130\u00e7in Adli T\u0131p Kurumundan Rapor Al\u0131nmas\u0131 Gerekti\u011fi"},"content":{"rendered":"<p>[vc_row][vc_column][vc_column_text]<strong>2. Hukuk Dairesi Karar\u0131<\/strong><\/p>\n<p><strong>Esas No: 2019\/6927<\/strong><\/p>\n<p><strong>Karar No: 2020\/593<\/strong><\/p>\n<p style=\"text-align: justify;\"><strong>\u00d6ZET: <\/strong>Dava devam ederken \u015fizofreni tan\u0131l\u0131 hastal\u0131k \u00f6yk\u00fcs\u00fc bulunan \u00f6len e\u015fin fiil ehliyetinin olup olmad\u0131\u011f\u0131n\u0131n tespiti i\u00e7in t\u00fcm tedavi evraklar\u0131 ile dosyada toplanan di\u011fer delillerin hep birlikte Adli T\u0131p Kurumuna g\u00f6nderilerek, ilgili ihtisas dairesinden rapor al\u0131nmak suretiyle T\u00fcrk Medeni Kanunu&#8217;nun 405 ve Hukuk Muhakemeleri Kanunu&#8217;nun 56. maddeleri uyar\u0131nca dava tarihi itibar\u0131yla vesayet alt\u0131na al\u0131nmas\u0131n\u0131n gerekip gerekmedi\u011fi ara\u015ft\u0131r\u0131lmal\u0131d\u0131r. <strong>\u00a0<\/strong><\/p>\n<p><strong>&#8220;\u0130\u00e7tihat Metni&#8221;<\/strong><\/p>\n<p><strong>MAHKEMES\u0130<\/strong>: \u0130stanbul B\u00f6lge Adliye Mahkemesi 11. Hukuk Dairesi<\/p>\n<p><strong>DAVA T\u00dcR\u00dc: <\/strong>Kar\u015f\u0131l\u0131kl\u0131 Bo\u015fanma<\/p>\n<p style=\"text-align: justify;\">Taraflar aras\u0131ndaki davan\u0131n yap\u0131lan muhakemesi sonunda b\u00f6lge adliye mahkemesi hukuk dairesince verilen, yukar\u0131da tarihi ve numaras\u0131 g\u00f6sterilen h\u00fck\u00fcm davac\u0131-kar\u015f\u0131 daval\u0131 kad\u0131n miras\u00e7\u0131s\u0131 taraf\u0131ndan temyiz edilmekle, evrak okunup gere\u011fi g\u00f6r\u00fc\u015f\u00fcl\u00fcp d\u00fc\u015f\u00fcn\u00fcld\u00fc:<\/p>\n<p style=\"text-align: justify;\">\u0130lk derece mahkemesince, evlilik birli\u011finin temelinden sars\u0131lmas\u0131 hukuki sebebine dayal\u0131 kar\u015f\u0131l\u0131kl\u0131 bo\u015fanma davas\u0131nda davac\u0131-kar\u015f\u0131 daval\u0131 kad\u0131n\u0131n bo\u015fanma davas\u0131n\u0131n kabul\u00fc ile taraflar\u0131n bo\u015fanmalar\u0131na, erke\u011fin bo\u015fanma davas\u0131n\u0131n reddine, kad\u0131n yarar\u0131na tedbir ve yoksulluk nafakas\u0131 ile maddi ve manevi tazminata karar verilmi\u015ftir. Davac\u0131-kar\u015f\u0131 daval\u0131 kad\u0131n, erke\u011fin reddedilen bo\u015fanma davas\u0131ndaki yarg\u0131lama giderleri y\u00f6n\u00fcnden, daval\u0131-kar\u015f\u0131 davac\u0131 erkek ise; her iki bo\u015fanma davas\u0131 ve ferileri y\u00f6n\u00fcnden istinaf kanun yoluna ba\u015fvurmu\u015f, istinaf incelemesinden \u00f6nce, bo\u015fanma karar\u0131 hen\u00fcz kesinle\u015fmeden davac\u0131-kar\u015f\u0131 daval\u0131 kad\u0131n 30.08.2018 tarihinde \u00f6lm\u00fc\u015ft\u00fcr. B\u00f6lge adliye mahkemesince; davac\u0131-kar\u015f\u0131 daval\u0131 kad\u0131n\u0131n Erenk\u00f6y Ruh ve Sinir Hastal\u0131klar\u0131 E\u011fitim ve Ara\u015ft\u0131rma Hastanesindeki t\u0131bbi dosyas\u0131nda, hastal\u0131k \u00f6yk\u00fcs\u00fcnde 35 y\u0131ll\u0131k hasta oldu\u011fu, te\u015fhis olarak ayr\u0131\u015fmam\u0131\u015f \u015fizofreni ve tan\u0131mlanmam\u0131\u015f \u015fizofreni tan\u0131s\u0131 kondu\u011funu, \u015fizofreni tan\u0131s\u0131 ile hastaneye m\u00fcracaat eden kad\u0131n\u0131n hukuki ehliyetinin bulunmad\u0131\u011f\u0131n\u0131 bu nedenle davac\u0131-kar\u015f\u0131 daval\u0131 kad\u0131n\u0131n bo\u015fanma davas\u0131n\u0131n HMK&#8217;n\u0131n 114\/d gere\u011fince a\u00e7\u0131lmam\u0131\u015f say\u0131lmas\u0131na, evlilik \u00f6l\u00fcmle sona erdi\u011finden erke\u011fin bo\u015fanma davas\u0131nda karar verilmesine yer olmad\u0131\u011f\u0131na, kad\u0131n\u0131n davas\u0131n\u0131n a\u00e7\u0131lmam\u0131\u015f say\u0131lmas\u0131na karar verildi\u011fi gerek\u00e7esiyle erke\u011fin kusur tespiti konusunda karar verilmesine yer olmad\u0131\u011f\u0131na karar verilmi\u015ftir. Ancak, \u00f6len e\u015fe ili\u015fkin Erenk\u00f6y Ruh ve Sinir Hastal\u0131klar\u0131 E\u011fitim ve Ara\u015ft\u0131rma Hastanesinden g\u00f6nderilen 28.03.2016 tarihli yaz\u0131 ve eklerine g\u00f6re; kad\u0131n\u0131n 18.02.2013\u2019ten 15.10.2015 tarihine kadar m\u00fckerrer ayakta tedavi, 17.01.2015-06.02.2015 tarihleri aras\u0131nda ise yatarak tedavi g\u00f6rd\u00fc\u011f\u00fc ve bu tedaviye ili\u015fkin yatan hasta epikriz formunda kad\u0131n\u0131n 35 y\u0131ll\u0131k hastal\u0131k \u00f6yk\u00fcs\u00fc oldu\u011fu belirtilmi\u015f ise de dosyadaki mevcut t\u0131bbi kay\u0131tlar ve di\u011fer deliller davac\u0131-kar\u015f\u0131 daval\u0131 kad\u0131n\u0131n dava ve taraf ehliyetini belirlemek i\u00e7in yeterli de\u011fildir. O halde, mahkemece yap\u0131lacak i\u015f; \u00f6len e\u015fin t\u00fcm tedavi evraklar\u0131 ile dosyada toplanan di\u011fer deliller hep birlikte Adli T\u0131p Kurumuna g\u00f6nderilerek, Adli T\u0131p Kurumu ilgili ihtisas dairesinden rapor al\u0131nmak suretiyle T\u00fcrk Medeni Kanunu&#8217;nun 405 ve Hukuk Muhakemeleri Kanunu&#8217;nun 56. maddeleri uyar\u0131nca \u00f6len e\u015fin dava tarihi itibar\u0131yla vesayet alt\u0131na al\u0131nmas\u0131n\u0131n gerekip gerekmedi\u011finin ara\u015ft\u0131r\u0131lmas\u0131 ve bu hususun bir \u00f6n sorun say\u0131larak sonucuna g\u00f6re karar vermekten ibarettir. Bu husus \u00fczerinde durulmadan, eksik inceleme ile h\u00fck\u00fcm kurulmas\u0131 do\u011fru bulunmam\u0131\u015f, bozmay\u0131 gerektirmi\u015ftir.<\/p>\n<p style=\"text-align: justify;\"><strong>SONU\u00c7:<\/strong> Temyiz edilen h\u00fckm\u00fcn yukar\u0131da g\u00f6sterilen sebeple BOZULMASINA, bozma sebebine g\u00f6re, di\u011fer temyiz itirazlar\u0131n\u0131n \u015fimdilik incelenmesine yer olmad\u0131\u011f\u0131na, temyiz pe\u015fin harc\u0131n\u0131n istek halinde yat\u0131rana geri verilmesine, dosyan\u0131n ilgili b\u00f6lge adliye mahkemesi hukuk dairesine g\u00f6nderilmesine oybirli\u011fiyle karar verildi. 30.01.2020 (Per.)<\/p>\n<p>[\/vc_column_text][\/vc_column][\/vc_row]<\/p>\n","protected":false},"excerpt":{"rendered":"<p>[vc_row][vc_column][vc_column_text]2. Hukuk Dairesi Karar\u0131 Esas No: 2019\/6927 Karar No: 2020\/593 \u00d6ZET: Dava devam ederken \u015fizofreni tan\u0131l\u0131 hastal\u0131k \u00f6yk\u00fcs\u00fc bulunan \u00f6len e\u015fin fiil ehliyetinin olup olmad\u0131\u011f\u0131n\u0131n tespiti<span class=\"excerpt-hellip\"> [\u2026]<\/span><\/p>\n","protected":false},"author":2,"featured_media":0,"comment_status":"open","ping_status":"closed","sticky":false,"template":"","format":"standard","meta":{"footnotes":""},"categories":[6],"tags":[],"class_list":["post-160","post","type-post","status-publish","format-standard","hentry","category-ictihat"],"yoast_head":"<!-- This site is optimized with the Yoast SEO plugin v27.5 - https:\/\/yoast.com\/product\/yoast-seo-wordpress\/ -->\n<title>Bo\u015fanma Davas\u0131nda E\u015fin \u00d6l\u00fcm\u00fc Sonras\u0131nda \u015eizofren Tedavisi G\u00f6rd\u00fc\u011f\u00fcn\u00fcn Anla\u015f\u0131lmas\u0131 \u00dczerine Fiil Ehliyetinin Tespiti \u0130\u00e7in Adli T\u0131p Kurumundan Rapor Al\u0131nmas\u0131 Gerekti\u011fi - Esmeray Hukuk B\u00fcrosu<\/title>\n<meta name=\"description\" content=\"Dava devam ederken \u015fizofreni tan\u0131l\u0131 hastal\u0131k \u00f6yk\u00fcs\u00fc bulunan \u00f6len e\u015fin fiil ehliyetinin olup olmad\u0131\u011f\u0131n\u0131n tespiti i\u00e7in t\u00fcm tedavi evraklar\u0131 ile dosyada toplanan di\u011fer delillerin hep birlikte Adli T\u0131p Kurumuna g\u00f6nderilerek, ilgili ihtisas dairesinden rapor al\u0131nmak suretiyle T\u00fcrk Medeni Kanunu&#039;nun 405 ve Hukuk Muhakemeleri Kanunu&#039;nun 56. maddeleri uyar\u0131nca dava tarihi itibar\u0131yla vesayet alt\u0131na al\u0131nmas\u0131n\u0131n gerekip gerekmedi\u011fi ara\u015ft\u0131r\u0131lmal\u0131d\u0131r.\" \/>\n<meta name=\"robots\" content=\"index, follow, max-snippet:-1, max-image-preview:large, max-video-preview:-1\" \/>\n<link rel=\"canonical\" href=\"https:\/\/esmeraylaw.com\/tr\/bosanma-davasinda-esin-olumu-sonrasinda-sizofren-tedavisi-gordugunun-anlasilmasi\/\" \/>\n<meta property=\"og:locale\" content=\"tr_TR\" \/>\n<meta property=\"og:type\" content=\"article\" \/>\n<meta property=\"og:title\" content=\"Bo\u015fanma Davas\u0131nda E\u015fin \u00d6l\u00fcm\u00fc Sonras\u0131nda \u015eizofren Tedavisi G\u00f6rd\u00fc\u011f\u00fcn\u00fcn Anla\u015f\u0131lmas\u0131 \u00dczerine Fiil Ehliyetinin Tespiti \u0130\u00e7in Adli T\u0131p Kurumundan Rapor Al\u0131nmas\u0131 Gerekti\u011fi - Esmeray Hukuk B\u00fcrosu\" \/>\n<meta property=\"og:description\" content=\"Dava devam ederken \u015fizofreni tan\u0131l\u0131 hastal\u0131k \u00f6yk\u00fcs\u00fc bulunan \u00f6len e\u015fin fiil ehliyetinin olup olmad\u0131\u011f\u0131n\u0131n tespiti i\u00e7in t\u00fcm tedavi evraklar\u0131 ile dosyada toplanan di\u011fer delillerin hep birlikte Adli T\u0131p Kurumuna g\u00f6nderilerek, ilgili ihtisas dairesinden rapor al\u0131nmak suretiyle T\u00fcrk Medeni Kanunu&#039;nun 405 ve Hukuk Muhakemeleri Kanunu&#039;nun 56. maddeleri uyar\u0131nca dava tarihi itibar\u0131yla vesayet alt\u0131na al\u0131nmas\u0131n\u0131n gerekip gerekmedi\u011fi ara\u015ft\u0131r\u0131lmal\u0131d\u0131r.\" \/>\n<meta property=\"og:url\" content=\"https:\/\/esmeraylaw.com\/tr\/bosanma-davasinda-esin-olumu-sonrasinda-sizofren-tedavisi-gordugunun-anlasilmasi\/\" \/>\n<meta property=\"og:site_name\" content=\"Esmeray Hukuk B\u00fcrosu\" \/>\n<meta property=\"article:publisher\" content=\"https:\/\/www.facebook.com\/esmeraylaw\" \/>\n<meta property=\"article:published_time\" content=\"2020-10-26T20:35:35+00:00\" \/>\n<meta property=\"article:modified_time\" content=\"2021-02-20T21:10:15+00:00\" \/>\n<meta property=\"og:image\" content=\"https:\/\/esmeraylaw.com\/tr\/wp-content\/uploads\/2020\/09\/logo.jpg\" \/>\n\t<meta property=\"og:image:width\" content=\"122\" \/>\n\t<meta property=\"og:image:height\" content=\"65\" \/>\n\t<meta property=\"og:image:type\" content=\"image\/jpeg\" \/>\n<meta name=\"author\" content=\"Fehmi Esmeray\" \/>\n<meta name=\"twitter:card\" content=\"summary_large_image\" \/>\n<meta name=\"twitter:creator\" content=\"@EsmerayLaw\" \/>\n<meta name=\"twitter:site\" content=\"@EsmerayLaw\" \/>\n<meta name=\"twitter:label1\" content=\"Yazan:\" \/>\n\t<meta name=\"twitter:data1\" content=\"Fehmi Esmeray\" \/>\n\t<meta name=\"twitter:label2\" content=\"Tahmini okuma s\u00fcresi\" \/>\n\t<meta name=\"twitter:data2\" content=\"3 dakika\" \/>\n<script type=\"application\/ld+json\" class=\"yoast-schema-graph\">{\"@context\":\"https:\\\/\\\/schema.org\",\"@graph\":[{\"@type\":\"Article\",\"@id\":\"https:\\\/\\\/esmeraylaw.com\\\/tr\\\/bosanma-davasinda-esin-olumu-sonrasinda-sizofren-tedavisi-gordugunun-anlasilmasi\\\/#article\",\"isPartOf\":{\"@id\":\"https:\\\/\\\/esmeraylaw.com\\\/tr\\\/bosanma-davasinda-esin-olumu-sonrasinda-sizofren-tedavisi-gordugunun-anlasilmasi\\\/\"},\"author\":{\"name\":\"Fehmi Esmeray\",\"@id\":\"https:\\\/\\\/esmeraylaw.com\\\/tr\\\/#\\\/schema\\\/person\\\/99f6451f0a330c75209277c8c8e674f4\"},\"headline\":\"Bo\u015fanma Davas\u0131nda E\u015fin \u00d6l\u00fcm\u00fc Sonras\u0131nda \u015eizofren Tedavisi G\u00f6rd\u00fc\u011f\u00fcn\u00fcn Anla\u015f\u0131lmas\u0131 \u00dczerine Fiil Ehliyetinin Tespiti \u0130\u00e7in Adli T\u0131p Kurumundan Rapor Al\u0131nmas\u0131 Gerekti\u011fi\",\"datePublished\":\"2020-10-26T20:35:35+00:00\",\"dateModified\":\"2021-02-20T21:10:15+00:00\",\"mainEntityOfPage\":{\"@id\":\"https:\\\/\\\/esmeraylaw.com\\\/tr\\\/bosanma-davasinda-esin-olumu-sonrasinda-sizofren-tedavisi-gordugunun-anlasilmasi\\\/\"},\"wordCount\":707,\"commentCount\":0,\"publisher\":{\"@id\":\"https:\\\/\\\/esmeraylaw.com\\\/tr\\\/#organization\"},\"articleSection\":[\"Ictihat\"],\"inLanguage\":\"tr\",\"potentialAction\":[{\"@type\":\"CommentAction\",\"name\":\"Comment\",\"target\":[\"https:\\\/\\\/esmeraylaw.com\\\/tr\\\/bosanma-davasinda-esin-olumu-sonrasinda-sizofren-tedavisi-gordugunun-anlasilmasi\\\/#respond\"]}]},{\"@type\":\"WebPage\",\"@id\":\"https:\\\/\\\/esmeraylaw.com\\\/tr\\\/bosanma-davasinda-esin-olumu-sonrasinda-sizofren-tedavisi-gordugunun-anlasilmasi\\\/\",\"url\":\"https:\\\/\\\/esmeraylaw.com\\\/tr\\\/bosanma-davasinda-esin-olumu-sonrasinda-sizofren-tedavisi-gordugunun-anlasilmasi\\\/\",\"name\":\"Bo\u015fanma Davas\u0131nda E\u015fin \u00d6l\u00fcm\u00fc Sonras\u0131nda \u015eizofren Tedavisi G\u00f6rd\u00fc\u011f\u00fcn\u00fcn Anla\u015f\u0131lmas\u0131 \u00dczerine Fiil Ehliyetinin Tespiti \u0130\u00e7in Adli T\u0131p Kurumundan Rapor Al\u0131nmas\u0131 Gerekti\u011fi - Esmeray Hukuk B\u00fcrosu\",\"isPartOf\":{\"@id\":\"https:\\\/\\\/esmeraylaw.com\\\/tr\\\/#website\"},\"datePublished\":\"2020-10-26T20:35:35+00:00\",\"dateModified\":\"2021-02-20T21:10:15+00:00\",\"description\":\"Dava devam ederken \u015fizofreni tan\u0131l\u0131 hastal\u0131k \u00f6yk\u00fcs\u00fc bulunan \u00f6len e\u015fin fiil ehliyetinin olup olmad\u0131\u011f\u0131n\u0131n tespiti i\u00e7in t\u00fcm tedavi evraklar\u0131 ile dosyada toplanan di\u011fer delillerin hep birlikte Adli T\u0131p Kurumuna g\u00f6nderilerek, ilgili ihtisas dairesinden rapor al\u0131nmak suretiyle T\u00fcrk Medeni Kanunu'nun 405 ve Hukuk Muhakemeleri Kanunu'nun 56. maddeleri uyar\u0131nca dava tarihi itibar\u0131yla vesayet alt\u0131na al\u0131nmas\u0131n\u0131n gerekip gerekmedi\u011fi ara\u015ft\u0131r\u0131lmal\u0131d\u0131r.\",\"breadcrumb\":{\"@id\":\"https:\\\/\\\/esmeraylaw.com\\\/tr\\\/bosanma-davasinda-esin-olumu-sonrasinda-sizofren-tedavisi-gordugunun-anlasilmasi\\\/#breadcrumb\"},\"inLanguage\":\"tr\",\"potentialAction\":[{\"@type\":\"ReadAction\",\"target\":[\"https:\\\/\\\/esmeraylaw.com\\\/tr\\\/bosanma-davasinda-esin-olumu-sonrasinda-sizofren-tedavisi-gordugunun-anlasilmasi\\\/\"]}]},{\"@type\":\"BreadcrumbList\",\"@id\":\"https:\\\/\\\/esmeraylaw.com\\\/tr\\\/bosanma-davasinda-esin-olumu-sonrasinda-sizofren-tedavisi-gordugunun-anlasilmasi\\\/#breadcrumb\",\"itemListElement\":[{\"@type\":\"ListItem\",\"position\":1,\"name\":\"Ana sayfa\",\"item\":\"https:\\\/\\\/esmeraylaw.com\\\/tr\\\/\"},{\"@type\":\"ListItem\",\"position\":2,\"name\":\"Bo\u015fanma Davas\u0131nda E\u015fin \u00d6l\u00fcm\u00fc Sonras\u0131nda \u015eizofren Tedavisi G\u00f6rd\u00fc\u011f\u00fcn\u00fcn Anla\u015f\u0131lmas\u0131 \u00dczerine Fiil Ehliyetinin Tespiti \u0130\u00e7in Adli T\u0131p Kurumundan Rapor Al\u0131nmas\u0131 Gerekti\u011fi\"}]},{\"@type\":\"WebSite\",\"@id\":\"https:\\\/\\\/esmeraylaw.com\\\/tr\\\/#website\",\"url\":\"https:\\\/\\\/esmeraylaw.com\\\/tr\\\/\",\"name\":\"Esmeray Hukuk B\u00fcrosu\",\"description\":\"Ticaret Hukuku Avukat\u0131\",\"publisher\":{\"@id\":\"https:\\\/\\\/esmeraylaw.com\\\/tr\\\/#organization\"},\"potentialAction\":[{\"@type\":\"SearchAction\",\"target\":{\"@type\":\"EntryPoint\",\"urlTemplate\":\"https:\\\/\\\/esmeraylaw.com\\\/tr\\\/?s={search_term_string}\"},\"query-input\":{\"@type\":\"PropertyValueSpecification\",\"valueRequired\":true,\"valueName\":\"search_term_string\"}}],\"inLanguage\":\"tr\"},{\"@type\":\"Organization\",\"@id\":\"https:\\\/\\\/esmeraylaw.com\\\/tr\\\/#organization\",\"name\":\"Esmeray Hukuk B\u00fcrosu\",\"url\":\"https:\\\/\\\/esmeraylaw.com\\\/tr\\\/\",\"logo\":{\"@type\":\"ImageObject\",\"inLanguage\":\"tr\",\"@id\":\"https:\\\/\\\/esmeraylaw.com\\\/tr\\\/#\\\/schema\\\/logo\\\/image\\\/\",\"url\":\"https:\\\/\\\/esmeraylaw.com\\\/tr\\\/wp-content\\\/uploads\\\/2020\\\/09\\\/logo.jpg\",\"contentUrl\":\"https:\\\/\\\/esmeraylaw.com\\\/tr\\\/wp-content\\\/uploads\\\/2020\\\/09\\\/logo.jpg\",\"width\":122,\"height\":65,\"caption\":\"Esmeray Hukuk B\u00fcrosu\"},\"image\":{\"@id\":\"https:\\\/\\\/esmeraylaw.com\\\/tr\\\/#\\\/schema\\\/logo\\\/image\\\/\"},\"sameAs\":[\"https:\\\/\\\/www.facebook.com\\\/esmeraylaw\",\"https:\\\/\\\/x.com\\\/EsmerayLaw\",\"https:\\\/\\\/www.instagram.com\\\/esmerayhukukburosu\",\"https:\\\/\\\/www.linkedin.com\\\/in\\\/esmeraylaw\"]},{\"@type\":\"Person\",\"@id\":\"https:\\\/\\\/esmeraylaw.com\\\/tr\\\/#\\\/schema\\\/person\\\/99f6451f0a330c75209277c8c8e674f4\",\"name\":\"Fehmi Esmeray\",\"image\":{\"@type\":\"ImageObject\",\"inLanguage\":\"tr\",\"@id\":\"https:\\\/\\\/secure.gravatar.com\\\/avatar\\\/1146e0f4e56c81d3812c7a51f07c3adc714b2b130ac895b2d8ab9a22d23e10a7?s=96&d=mm&r=g\",\"url\":\"https:\\\/\\\/secure.gravatar.com\\\/avatar\\\/1146e0f4e56c81d3812c7a51f07c3adc714b2b130ac895b2d8ab9a22d23e10a7?s=96&d=mm&r=g\",\"contentUrl\":\"https:\\\/\\\/secure.gravatar.com\\\/avatar\\\/1146e0f4e56c81d3812c7a51f07c3adc714b2b130ac895b2d8ab9a22d23e10a7?s=96&d=mm&r=g\",\"caption\":\"Fehmi Esmeray\"},\"url\":\"https:\\\/\\\/esmeraylaw.com\\\/tr\\\/author\\\/eslaw\\\/\"}]}<\/script>\n<!-- \/ Yoast SEO plugin. -->","yoast_head_json":{"title":"Bo\u015fanma Davas\u0131nda E\u015fin \u00d6l\u00fcm\u00fc Sonras\u0131nda \u015eizofren Tedavisi G\u00f6rd\u00fc\u011f\u00fcn\u00fcn Anla\u015f\u0131lmas\u0131 \u00dczerine Fiil Ehliyetinin Tespiti \u0130\u00e7in Adli T\u0131p Kurumundan Rapor Al\u0131nmas\u0131 Gerekti\u011fi - Esmeray Hukuk B\u00fcrosu","description":"Dava devam ederken \u015fizofreni tan\u0131l\u0131 hastal\u0131k \u00f6yk\u00fcs\u00fc bulunan \u00f6len e\u015fin fiil ehliyetinin olup olmad\u0131\u011f\u0131n\u0131n tespiti i\u00e7in t\u00fcm tedavi evraklar\u0131 ile dosyada toplanan di\u011fer delillerin hep birlikte Adli T\u0131p Kurumuna g\u00f6nderilerek, ilgili ihtisas dairesinden rapor al\u0131nmak suretiyle T\u00fcrk Medeni Kanunu'nun 405 ve Hukuk Muhakemeleri Kanunu'nun 56. maddeleri uyar\u0131nca dava tarihi itibar\u0131yla vesayet alt\u0131na al\u0131nmas\u0131n\u0131n gerekip gerekmedi\u011fi ara\u015ft\u0131r\u0131lmal\u0131d\u0131r.","robots":{"index":"index","follow":"follow","max-snippet":"max-snippet:-1","max-image-preview":"max-image-preview:large","max-video-preview":"max-video-preview:-1"},"canonical":"https:\/\/esmeraylaw.com\/tr\/bosanma-davasinda-esin-olumu-sonrasinda-sizofren-tedavisi-gordugunun-anlasilmasi\/","og_locale":"tr_TR","og_type":"article","og_title":"Bo\u015fanma Davas\u0131nda E\u015fin \u00d6l\u00fcm\u00fc Sonras\u0131nda \u015eizofren Tedavisi G\u00f6rd\u00fc\u011f\u00fcn\u00fcn Anla\u015f\u0131lmas\u0131 \u00dczerine Fiil Ehliyetinin Tespiti \u0130\u00e7in Adli T\u0131p Kurumundan Rapor Al\u0131nmas\u0131 Gerekti\u011fi - Esmeray Hukuk B\u00fcrosu","og_description":"Dava devam ederken \u015fizofreni tan\u0131l\u0131 hastal\u0131k \u00f6yk\u00fcs\u00fc bulunan \u00f6len e\u015fin fiil ehliyetinin olup olmad\u0131\u011f\u0131n\u0131n tespiti i\u00e7in t\u00fcm tedavi evraklar\u0131 ile dosyada toplanan di\u011fer delillerin hep birlikte Adli T\u0131p Kurumuna g\u00f6nderilerek, ilgili ihtisas dairesinden rapor al\u0131nmak suretiyle T\u00fcrk Medeni Kanunu'nun 405 ve Hukuk Muhakemeleri Kanunu'nun 56. maddeleri uyar\u0131nca dava tarihi itibar\u0131yla vesayet alt\u0131na al\u0131nmas\u0131n\u0131n gerekip gerekmedi\u011fi ara\u015ft\u0131r\u0131lmal\u0131d\u0131r.","og_url":"https:\/\/esmeraylaw.com\/tr\/bosanma-davasinda-esin-olumu-sonrasinda-sizofren-tedavisi-gordugunun-anlasilmasi\/","og_site_name":"Esmeray Hukuk B\u00fcrosu","article_publisher":"https:\/\/www.facebook.com\/esmeraylaw","article_published_time":"2020-10-26T20:35:35+00:00","article_modified_time":"2021-02-20T21:10:15+00:00","og_image":[{"width":122,"height":65,"url":"https:\/\/esmeraylaw.com\/tr\/wp-content\/uploads\/2020\/09\/logo.jpg","type":"image\/jpeg"}],"author":"Fehmi Esmeray","twitter_card":"summary_large_image","twitter_creator":"@EsmerayLaw","twitter_site":"@EsmerayLaw","twitter_misc":{"Yazan:":"Fehmi Esmeray","Tahmini okuma s\u00fcresi":"3 dakika"},"schema":{"@context":"https:\/\/schema.org","@graph":[{"@type":"Article","@id":"https:\/\/esmeraylaw.com\/tr\/bosanma-davasinda-esin-olumu-sonrasinda-sizofren-tedavisi-gordugunun-anlasilmasi\/#article","isPartOf":{"@id":"https:\/\/esmeraylaw.com\/tr\/bosanma-davasinda-esin-olumu-sonrasinda-sizofren-tedavisi-gordugunun-anlasilmasi\/"},"author":{"name":"Fehmi Esmeray","@id":"https:\/\/esmeraylaw.com\/tr\/#\/schema\/person\/99f6451f0a330c75209277c8c8e674f4"},"headline":"Bo\u015fanma Davas\u0131nda E\u015fin \u00d6l\u00fcm\u00fc Sonras\u0131nda \u015eizofren Tedavisi G\u00f6rd\u00fc\u011f\u00fcn\u00fcn Anla\u015f\u0131lmas\u0131 \u00dczerine Fiil Ehliyetinin Tespiti \u0130\u00e7in Adli T\u0131p Kurumundan Rapor Al\u0131nmas\u0131 Gerekti\u011fi","datePublished":"2020-10-26T20:35:35+00:00","dateModified":"2021-02-20T21:10:15+00:00","mainEntityOfPage":{"@id":"https:\/\/esmeraylaw.com\/tr\/bosanma-davasinda-esin-olumu-sonrasinda-sizofren-tedavisi-gordugunun-anlasilmasi\/"},"wordCount":707,"commentCount":0,"publisher":{"@id":"https:\/\/esmeraylaw.com\/tr\/#organization"},"articleSection":["Ictihat"],"inLanguage":"tr","potentialAction":[{"@type":"CommentAction","name":"Comment","target":["https:\/\/esmeraylaw.com\/tr\/bosanma-davasinda-esin-olumu-sonrasinda-sizofren-tedavisi-gordugunun-anlasilmasi\/#respond"]}]},{"@type":"WebPage","@id":"https:\/\/esmeraylaw.com\/tr\/bosanma-davasinda-esin-olumu-sonrasinda-sizofren-tedavisi-gordugunun-anlasilmasi\/","url":"https:\/\/esmeraylaw.com\/tr\/bosanma-davasinda-esin-olumu-sonrasinda-sizofren-tedavisi-gordugunun-anlasilmasi\/","name":"Bo\u015fanma Davas\u0131nda E\u015fin \u00d6l\u00fcm\u00fc Sonras\u0131nda \u015eizofren Tedavisi G\u00f6rd\u00fc\u011f\u00fcn\u00fcn Anla\u015f\u0131lmas\u0131 \u00dczerine Fiil Ehliyetinin Tespiti \u0130\u00e7in Adli T\u0131p Kurumundan Rapor Al\u0131nmas\u0131 Gerekti\u011fi - Esmeray Hukuk B\u00fcrosu","isPartOf":{"@id":"https:\/\/esmeraylaw.com\/tr\/#website"},"datePublished":"2020-10-26T20:35:35+00:00","dateModified":"2021-02-20T21:10:15+00:00","description":"Dava devam ederken \u015fizofreni tan\u0131l\u0131 hastal\u0131k \u00f6yk\u00fcs\u00fc bulunan \u00f6len e\u015fin fiil ehliyetinin olup olmad\u0131\u011f\u0131n\u0131n tespiti i\u00e7in t\u00fcm tedavi evraklar\u0131 ile dosyada toplanan di\u011fer delillerin hep birlikte Adli T\u0131p Kurumuna g\u00f6nderilerek, ilgili ihtisas dairesinden rapor al\u0131nmak suretiyle T\u00fcrk Medeni Kanunu'nun 405 ve Hukuk Muhakemeleri Kanunu'nun 56. maddeleri uyar\u0131nca dava tarihi itibar\u0131yla vesayet alt\u0131na al\u0131nmas\u0131n\u0131n gerekip gerekmedi\u011fi ara\u015ft\u0131r\u0131lmal\u0131d\u0131r.","breadcrumb":{"@id":"https:\/\/esmeraylaw.com\/tr\/bosanma-davasinda-esin-olumu-sonrasinda-sizofren-tedavisi-gordugunun-anlasilmasi\/#breadcrumb"},"inLanguage":"tr","potentialAction":[{"@type":"ReadAction","target":["https:\/\/esmeraylaw.com\/tr\/bosanma-davasinda-esin-olumu-sonrasinda-sizofren-tedavisi-gordugunun-anlasilmasi\/"]}]},{"@type":"BreadcrumbList","@id":"https:\/\/esmeraylaw.com\/tr\/bosanma-davasinda-esin-olumu-sonrasinda-sizofren-tedavisi-gordugunun-anlasilmasi\/#breadcrumb","itemListElement":[{"@type":"ListItem","position":1,"name":"Ana sayfa","item":"https:\/\/esmeraylaw.com\/tr\/"},{"@type":"ListItem","position":2,"name":"Bo\u015fanma Davas\u0131nda E\u015fin \u00d6l\u00fcm\u00fc Sonras\u0131nda \u015eizofren Tedavisi G\u00f6rd\u00fc\u011f\u00fcn\u00fcn Anla\u015f\u0131lmas\u0131 \u00dczerine Fiil Ehliyetinin Tespiti \u0130\u00e7in Adli T\u0131p Kurumundan Rapor Al\u0131nmas\u0131 Gerekti\u011fi"}]},{"@type":"WebSite","@id":"https:\/\/esmeraylaw.com\/tr\/#website","url":"https:\/\/esmeraylaw.com\/tr\/","name":"Esmeray Hukuk B\u00fcrosu","description":"Ticaret Hukuku Avukat\u0131","publisher":{"@id":"https:\/\/esmeraylaw.com\/tr\/#organization"},"potentialAction":[{"@type":"SearchAction","target":{"@type":"EntryPoint","urlTemplate":"https:\/\/esmeraylaw.com\/tr\/?s={search_term_string}"},"query-input":{"@type":"PropertyValueSpecification","valueRequired":true,"valueName":"search_term_string"}}],"inLanguage":"tr"},{"@type":"Organization","@id":"https:\/\/esmeraylaw.com\/tr\/#organization","name":"Esmeray Hukuk B\u00fcrosu","url":"https:\/\/esmeraylaw.com\/tr\/","logo":{"@type":"ImageObject","inLanguage":"tr","@id":"https:\/\/esmeraylaw.com\/tr\/#\/schema\/logo\/image\/","url":"https:\/\/esmeraylaw.com\/tr\/wp-content\/uploads\/2020\/09\/logo.jpg","contentUrl":"https:\/\/esmeraylaw.com\/tr\/wp-content\/uploads\/2020\/09\/logo.jpg","width":122,"height":65,"caption":"Esmeray Hukuk B\u00fcrosu"},"image":{"@id":"https:\/\/esmeraylaw.com\/tr\/#\/schema\/logo\/image\/"},"sameAs":["https:\/\/www.facebook.com\/esmeraylaw","https:\/\/x.com\/EsmerayLaw","https:\/\/www.instagram.com\/esmerayhukukburosu","https:\/\/www.linkedin.com\/in\/esmeraylaw"]},{"@type":"Person","@id":"https:\/\/esmeraylaw.com\/tr\/#\/schema\/person\/99f6451f0a330c75209277c8c8e674f4","name":"Fehmi Esmeray","image":{"@type":"ImageObject","inLanguage":"tr","@id":"https:\/\/secure.gravatar.com\/avatar\/1146e0f4e56c81d3812c7a51f07c3adc714b2b130ac895b2d8ab9a22d23e10a7?s=96&d=mm&r=g","url":"https:\/\/secure.gravatar.com\/avatar\/1146e0f4e56c81d3812c7a51f07c3adc714b2b130ac895b2d8ab9a22d23e10a7?s=96&d=mm&r=g","contentUrl":"https:\/\/secure.gravatar.com\/avatar\/1146e0f4e56c81d3812c7a51f07c3adc714b2b130ac895b2d8ab9a22d23e10a7?s=96&d=mm&r=g","caption":"Fehmi Esmeray"},"url":"https:\/\/esmeraylaw.com\/tr\/author\/eslaw\/"}]}},"_links":{"self":[{"href":"https:\/\/esmeraylaw.com\/tr\/wp-json\/wp\/v2\/posts\/160","targetHints":{"allow":["GET"]}}],"collection":[{"href":"https:\/\/esmeraylaw.com\/tr\/wp-json\/wp\/v2\/posts"}],"about":[{"href":"https:\/\/esmeraylaw.com\/tr\/wp-json\/wp\/v2\/types\/post"}],"author":[{"embeddable":true,"href":"https:\/\/esmeraylaw.com\/tr\/wp-json\/wp\/v2\/users\/2"}],"replies":[{"embeddable":true,"href":"https:\/\/esmeraylaw.com\/tr\/wp-json\/wp\/v2\/comments?post=160"}],"version-history":[{"count":0,"href":"https:\/\/esmeraylaw.com\/tr\/wp-json\/wp\/v2\/posts\/160\/revisions"}],"wp:attachment":[{"href":"https:\/\/esmeraylaw.com\/tr\/wp-json\/wp\/v2\/media?parent=160"}],"wp:term":[{"taxonomy":"category","embeddable":true,"href":"https:\/\/esmeraylaw.com\/tr\/wp-json\/wp\/v2\/categories?post=160"},{"taxonomy":"post_tag","embeddable":true,"href":"https:\/\/esmeraylaw.com\/tr\/wp-json\/wp\/v2\/tags?post=160"}],"curies":[{"name":"wp","href":"https:\/\/api.w.org\/{rel}","templated":true}]}}