{"id":161,"date":"2020-10-27T00:19:28","date_gmt":"2020-10-26T21:19:28","guid":{"rendered":"https:\/\/esmeraylaw.com\/tr\/?p=161"},"modified":"2021-02-21T00:10:07","modified_gmt":"2021-02-20T21:10:07","slug":"ruhsal-rahatsizligi-delillerle-desteklenen-davali-esin-vesayet-altina-alinmasinin-gerekip-gerekmedigi-arastirilmalidir","status":"publish","type":"post","link":"https:\/\/esmeraylaw.com\/tr\/ruhsal-rahatsizligi-delillerle-desteklenen-davali-esin-vesayet-altina-alinmasinin-gerekip-gerekmedigi-arastirilmalidir\/","title":{"rendered":"Bo\u015fanma Davas\u0131nda Ruhsal Rahats\u0131zl\u0131\u011f\u0131 Delillerle Desteklenen E\u015fin Vesayet Alt\u0131na Al\u0131nmas\u0131n\u0131n Gerekip Gerekmedi\u011fi Ara\u015ft\u0131r\u0131lmal\u0131"},"content":{"rendered":"<p>[vc_row][vc_column][vc_column_text]<strong>2. Hukuk Dairesi Karar\u0131<\/strong><\/p>\n<p><strong>Esas No: 2019\/5535<\/strong><\/p>\n<p><strong>Karar No: 2020\/337<\/strong><\/p>\n<p style=\"text-align: justify;\"><strong>\u00d6ZET: <\/strong>Bo\u015fanma davas\u0131nda e\u015fin ruhsal rahats\u0131zl\u0131\u011f\u0131 iddia edilmi\u015f ve bu husus dosyada mevcut deliller ile desteklenmekte ise, yap\u0131lacak i\u015f T\u00fcrk Medeni Kanunu&#8217;nun 405 ve Hukuk Muhakemeleri Kanunu&#8217;nun 56. maddeleri uyar\u0131nca vesayet alt\u0131na al\u0131nmas\u0131n\u0131n gerekip gerekmedi\u011finin ara\u015ft\u0131r\u0131lmas\u0131d\u0131r. <strong>\u00a0<\/strong><\/p>\n<p><strong>&#8220;\u0130\u00e7tihat Metni&#8221;<\/strong><\/p>\n<p><strong>MAHKEMES\u0130<\/strong>: Sakarya B\u00f6lge Adliye Mahkemesi 2. Hukuk Dairesi<\/p>\n<p><strong>DAVA T\u00dcR\u00dc: <\/strong>Kar\u015f\u0131l\u0131kl\u0131 Bo\u015fanma<\/p>\n<p style=\"text-align: justify;\">Taraflar aras\u0131ndaki davan\u0131n yap\u0131lan muhakemesi sonunda b\u00f6lge adliye mahkemesi hukuk dairesince verilen, yukar\u0131da tarihi ve numaras\u0131 g\u00f6sterilen h\u00fck\u00fcm temyiz edilmekle, evrak okunup gere\u011fi g\u00f6r\u00fc\u015f\u00fcl\u00fcp d\u00fc\u015f\u00fcn\u00fcld\u00fc:<\/p>\n<p style=\"text-align: justify;\">Taraflar\u0131n, taraf ve dava ehliyetine sahip olmalar\u0131 dava \u015fartlar\u0131ndan (HMK m. 114\/1-d) olup, bu husus kamu d\u00fczeniyle ilgilidir. Mahkeme, dava \u015fartlar\u0131n\u0131n mevcut olup olmad\u0131\u011f\u0131n\u0131, davan\u0131n her a\u015famas\u0131nda kendili\u011finden ara\u015ft\u0131rmakla y\u00fck\u00fcml\u00fcd\u00fcr. Taraflar da dava \u015fart\u0131 noksanl\u0131\u011f\u0131n\u0131 her zaman ileri s\u00fcrebilirler. (HMK m. 115\/1) Davada, davac\u0131-daval\u0131n\u0131n ruhsal rahats\u0131zl\u0131\u011f\u0131 ileri s\u00fcr\u00fclm\u00fc\u015f ve bu iddia dosya aras\u0131ndaki bir k\u0131s\u0131m delille de do\u011frulanm\u0131\u015f bulunmas\u0131na g\u00f6re, mahkemece yap\u0131lacak i\u015f; T\u00fcrk Medeni Kanununun 405. ve Hukuk Muhakemeleri Kanunu&#8217;nun 56\/1. maddeleri uyar\u0131nca davac\u0131-daval\u0131n\u0131n vesayet alt\u0131na al\u0131nmas\u0131n\u0131n gerekip gerekmedi\u011finin ara\u015ft\u0131r\u0131lmas\u0131 ve bu hususun bir \u00f6n sorun say\u0131lmas\u0131, gerekirse T\u00fcrk Medeni Kanunu&#8217;nun 462\/8. maddesi uyar\u0131nca i\u015flem yap\u0131lmas\u0131 ve sonucuna kadar yarg\u0131laman\u0131n bekletilmesinden ibarettir. Bu y\u00f6n g\u00f6z\u00f6n\u00fcnde tutulmadan yarg\u0131lamaya devam olunarak i\u015fin esas\u0131 hakk\u0131nda karar verilmesi usul ve kanuna ayk\u0131r\u0131d\u0131r.<\/p>\n<p style=\"text-align: justify;\"><strong>SONU\u00c7:<\/strong> Temyiz edilen h\u00fckm\u00fcn yukar\u0131da g\u00f6sterilen sebeple BOZULMASINA, bozma sebebine g\u00f6re, di\u011fer temyiz itirazlar\u0131n\u0131n \u015fimdilik incelenmesine yer olmad\u0131\u011f\u0131na, temyiz pe\u015fin harc\u0131n\u0131n istek halinde yat\u0131rana geri verilmesine, dosyan\u0131n ilgili b\u00f6lge adliye mahkemesi hukuk dairesine g\u00f6nderilmesine oybirli\u011fiyle karar verildi. 27.01.2020 (Pzt.)<\/p>\n<p>[\/vc_column_text][\/vc_column][\/vc_row]<\/p>\n","protected":false},"excerpt":{"rendered":"<p>[vc_row][vc_column][vc_column_text]2. Hukuk Dairesi Karar\u0131 Esas No: 2019\/5535 Karar No: 2020\/337 \u00d6ZET: Bo\u015fanma davas\u0131nda e\u015fin ruhsal rahats\u0131zl\u0131\u011f\u0131 iddia edilmi\u015f ve bu husus dosyada mevcut deliller ile desteklenmekte<span class=\"excerpt-hellip\"> [\u2026]<\/span><\/p>\n","protected":false},"author":2,"featured_media":0,"comment_status":"open","ping_status":"closed","sticky":false,"template":"","format":"standard","meta":{"footnotes":""},"categories":[6],"tags":[],"class_list":["post-161","post","type-post","status-publish","format-standard","hentry","category-ictihat"],"yoast_head":"<!-- This site is optimized with the Yoast SEO plugin v27.5 - https:\/\/yoast.com\/product\/yoast-seo-wordpress\/ -->\n<title>Bo\u015fanma Davas\u0131nda Ruhsal Rahats\u0131zl\u0131\u011f\u0131 Delillerle Desteklenen E\u015fin Vesayet Alt\u0131na Al\u0131nmas\u0131n\u0131n Gerekip Gerekmedi\u011fi Ara\u015ft\u0131r\u0131lmal\u0131 - Esmeray Hukuk B\u00fcrosu<\/title>\n<meta name=\"description\" content=\"Bo\u015fanma davas\u0131nda e\u015fin ruhsal rahats\u0131zl\u0131\u011f\u0131 iddia edilmi\u015f ve bu husus dosyada mevcut deliller ile desteklenmekte ise, yap\u0131lacak i\u015f T\u00fcrk Medeni Kanunu&#039;nun 405 ve Hukuk Muhakemeleri Kanunu&#039;nun 56. maddeleri uyar\u0131nca vesayet alt\u0131na al\u0131nmas\u0131n\u0131n gerekip gerekmedi\u011finin ara\u015ft\u0131r\u0131lmas\u0131d\u0131r.\" \/>\n<meta name=\"robots\" content=\"index, follow, max-snippet:-1, max-image-preview:large, max-video-preview:-1\" \/>\n<link rel=\"canonical\" href=\"https:\/\/esmeraylaw.com\/tr\/ruhsal-rahatsizligi-delillerle-desteklenen-davali-esin-vesayet-altina-alinmasinin-gerekip-gerekmedigi-arastirilmalidir\/\" \/>\n<meta property=\"og:locale\" content=\"tr_TR\" \/>\n<meta property=\"og:type\" content=\"article\" \/>\n<meta property=\"og:title\" content=\"Bo\u015fanma Davas\u0131nda Ruhsal Rahats\u0131zl\u0131\u011f\u0131 Delillerle Desteklenen E\u015fin Vesayet Alt\u0131na Al\u0131nmas\u0131n\u0131n Gerekip Gerekmedi\u011fi Ara\u015ft\u0131r\u0131lmal\u0131 - Esmeray Hukuk B\u00fcrosu\" \/>\n<meta property=\"og:description\" content=\"Bo\u015fanma davas\u0131nda e\u015fin ruhsal rahats\u0131zl\u0131\u011f\u0131 iddia edilmi\u015f ve bu husus dosyada mevcut deliller ile desteklenmekte ise, yap\u0131lacak i\u015f T\u00fcrk Medeni Kanunu&#039;nun 405 ve Hukuk Muhakemeleri Kanunu&#039;nun 56. maddeleri uyar\u0131nca vesayet alt\u0131na al\u0131nmas\u0131n\u0131n gerekip gerekmedi\u011finin ara\u015ft\u0131r\u0131lmas\u0131d\u0131r.\" \/>\n<meta property=\"og:url\" content=\"https:\/\/esmeraylaw.com\/tr\/ruhsal-rahatsizligi-delillerle-desteklenen-davali-esin-vesayet-altina-alinmasinin-gerekip-gerekmedigi-arastirilmalidir\/\" \/>\n<meta property=\"og:site_name\" content=\"Esmeray Hukuk B\u00fcrosu\" \/>\n<meta property=\"article:publisher\" content=\"https:\/\/www.facebook.com\/esmeraylaw\" \/>\n<meta property=\"article:published_time\" content=\"2020-10-26T21:19:28+00:00\" \/>\n<meta property=\"article:modified_time\" content=\"2021-02-20T21:10:07+00:00\" \/>\n<meta property=\"og:image\" content=\"https:\/\/esmeraylaw.com\/tr\/wp-content\/uploads\/2020\/09\/logo.jpg\" \/>\n\t<meta property=\"og:image:width\" content=\"122\" \/>\n\t<meta property=\"og:image:height\" content=\"65\" \/>\n\t<meta property=\"og:image:type\" content=\"image\/jpeg\" \/>\n<meta name=\"author\" content=\"Fehmi Esmeray\" \/>\n<meta name=\"twitter:card\" content=\"summary_large_image\" \/>\n<meta name=\"twitter:creator\" content=\"@EsmerayLaw\" \/>\n<meta name=\"twitter:site\" content=\"@EsmerayLaw\" \/>\n<meta name=\"twitter:label1\" content=\"Yazan:\" \/>\n\t<meta name=\"twitter:data1\" content=\"Fehmi Esmeray\" \/>\n\t<meta name=\"twitter:label2\" content=\"Tahmini okuma s\u00fcresi\" \/>\n\t<meta name=\"twitter:data2\" content=\"2 dakika\" \/>\n<script type=\"application\/ld+json\" class=\"yoast-schema-graph\">{\"@context\":\"https:\\\/\\\/schema.org\",\"@graph\":[{\"@type\":\"Article\",\"@id\":\"https:\\\/\\\/esmeraylaw.com\\\/tr\\\/ruhsal-rahatsizligi-delillerle-desteklenen-davali-esin-vesayet-altina-alinmasinin-gerekip-gerekmedigi-arastirilmalidir\\\/#article\",\"isPartOf\":{\"@id\":\"https:\\\/\\\/esmeraylaw.com\\\/tr\\\/ruhsal-rahatsizligi-delillerle-desteklenen-davali-esin-vesayet-altina-alinmasinin-gerekip-gerekmedigi-arastirilmalidir\\\/\"},\"author\":{\"name\":\"Fehmi Esmeray\",\"@id\":\"https:\\\/\\\/esmeraylaw.com\\\/tr\\\/#\\\/schema\\\/person\\\/99f6451f0a330c75209277c8c8e674f4\"},\"headline\":\"Bo\u015fanma Davas\u0131nda Ruhsal Rahats\u0131zl\u0131\u011f\u0131 Delillerle Desteklenen E\u015fin Vesayet Alt\u0131na Al\u0131nmas\u0131n\u0131n Gerekip Gerekmedi\u011fi Ara\u015ft\u0131r\u0131lmal\u0131\",\"datePublished\":\"2020-10-26T21:19:28+00:00\",\"dateModified\":\"2021-02-20T21:10:07+00:00\",\"mainEntityOfPage\":{\"@id\":\"https:\\\/\\\/esmeraylaw.com\\\/tr\\\/ruhsal-rahatsizligi-delillerle-desteklenen-davali-esin-vesayet-altina-alinmasinin-gerekip-gerekmedigi-arastirilmalidir\\\/\"},\"wordCount\":385,\"commentCount\":0,\"publisher\":{\"@id\":\"https:\\\/\\\/esmeraylaw.com\\\/tr\\\/#organization\"},\"articleSection\":[\"Ictihat\"],\"inLanguage\":\"tr\",\"potentialAction\":[{\"@type\":\"CommentAction\",\"name\":\"Comment\",\"target\":[\"https:\\\/\\\/esmeraylaw.com\\\/tr\\\/ruhsal-rahatsizligi-delillerle-desteklenen-davali-esin-vesayet-altina-alinmasinin-gerekip-gerekmedigi-arastirilmalidir\\\/#respond\"]}]},{\"@type\":\"WebPage\",\"@id\":\"https:\\\/\\\/esmeraylaw.com\\\/tr\\\/ruhsal-rahatsizligi-delillerle-desteklenen-davali-esin-vesayet-altina-alinmasinin-gerekip-gerekmedigi-arastirilmalidir\\\/\",\"url\":\"https:\\\/\\\/esmeraylaw.com\\\/tr\\\/ruhsal-rahatsizligi-delillerle-desteklenen-davali-esin-vesayet-altina-alinmasinin-gerekip-gerekmedigi-arastirilmalidir\\\/\",\"name\":\"Bo\u015fanma Davas\u0131nda Ruhsal Rahats\u0131zl\u0131\u011f\u0131 Delillerle Desteklenen E\u015fin Vesayet Alt\u0131na Al\u0131nmas\u0131n\u0131n Gerekip Gerekmedi\u011fi Ara\u015ft\u0131r\u0131lmal\u0131 - Esmeray Hukuk B\u00fcrosu\",\"isPartOf\":{\"@id\":\"https:\\\/\\\/esmeraylaw.com\\\/tr\\\/#website\"},\"datePublished\":\"2020-10-26T21:19:28+00:00\",\"dateModified\":\"2021-02-20T21:10:07+00:00\",\"description\":\"Bo\u015fanma davas\u0131nda e\u015fin ruhsal rahats\u0131zl\u0131\u011f\u0131 iddia edilmi\u015f ve bu husus dosyada mevcut deliller ile desteklenmekte ise, yap\u0131lacak i\u015f T\u00fcrk Medeni Kanunu'nun 405 ve Hukuk Muhakemeleri Kanunu'nun 56. maddeleri uyar\u0131nca vesayet alt\u0131na al\u0131nmas\u0131n\u0131n gerekip gerekmedi\u011finin ara\u015ft\u0131r\u0131lmas\u0131d\u0131r.\",\"breadcrumb\":{\"@id\":\"https:\\\/\\\/esmeraylaw.com\\\/tr\\\/ruhsal-rahatsizligi-delillerle-desteklenen-davali-esin-vesayet-altina-alinmasinin-gerekip-gerekmedigi-arastirilmalidir\\\/#breadcrumb\"},\"inLanguage\":\"tr\",\"potentialAction\":[{\"@type\":\"ReadAction\",\"target\":[\"https:\\\/\\\/esmeraylaw.com\\\/tr\\\/ruhsal-rahatsizligi-delillerle-desteklenen-davali-esin-vesayet-altina-alinmasinin-gerekip-gerekmedigi-arastirilmalidir\\\/\"]}]},{\"@type\":\"BreadcrumbList\",\"@id\":\"https:\\\/\\\/esmeraylaw.com\\\/tr\\\/ruhsal-rahatsizligi-delillerle-desteklenen-davali-esin-vesayet-altina-alinmasinin-gerekip-gerekmedigi-arastirilmalidir\\\/#breadcrumb\",\"itemListElement\":[{\"@type\":\"ListItem\",\"position\":1,\"name\":\"Ana sayfa\",\"item\":\"https:\\\/\\\/esmeraylaw.com\\\/tr\\\/\"},{\"@type\":\"ListItem\",\"position\":2,\"name\":\"Bo\u015fanma Davas\u0131nda Ruhsal Rahats\u0131zl\u0131\u011f\u0131 Delillerle Desteklenen E\u015fin Vesayet Alt\u0131na Al\u0131nmas\u0131n\u0131n Gerekip Gerekmedi\u011fi Ara\u015ft\u0131r\u0131lmal\u0131\"}]},{\"@type\":\"WebSite\",\"@id\":\"https:\\\/\\\/esmeraylaw.com\\\/tr\\\/#website\",\"url\":\"https:\\\/\\\/esmeraylaw.com\\\/tr\\\/\",\"name\":\"Esmeray Hukuk B\u00fcrosu\",\"description\":\"Ticaret Hukuku Avukat\u0131\",\"publisher\":{\"@id\":\"https:\\\/\\\/esmeraylaw.com\\\/tr\\\/#organization\"},\"potentialAction\":[{\"@type\":\"SearchAction\",\"target\":{\"@type\":\"EntryPoint\",\"urlTemplate\":\"https:\\\/\\\/esmeraylaw.com\\\/tr\\\/?s={search_term_string}\"},\"query-input\":{\"@type\":\"PropertyValueSpecification\",\"valueRequired\":true,\"valueName\":\"search_term_string\"}}],\"inLanguage\":\"tr\"},{\"@type\":\"Organization\",\"@id\":\"https:\\\/\\\/esmeraylaw.com\\\/tr\\\/#organization\",\"name\":\"Esmeray Hukuk B\u00fcrosu\",\"url\":\"https:\\\/\\\/esmeraylaw.com\\\/tr\\\/\",\"logo\":{\"@type\":\"ImageObject\",\"inLanguage\":\"tr\",\"@id\":\"https:\\\/\\\/esmeraylaw.com\\\/tr\\\/#\\\/schema\\\/logo\\\/image\\\/\",\"url\":\"https:\\\/\\\/esmeraylaw.com\\\/tr\\\/wp-content\\\/uploads\\\/2020\\\/09\\\/logo.jpg\",\"contentUrl\":\"https:\\\/\\\/esmeraylaw.com\\\/tr\\\/wp-content\\\/uploads\\\/2020\\\/09\\\/logo.jpg\",\"width\":122,\"height\":65,\"caption\":\"Esmeray Hukuk B\u00fcrosu\"},\"image\":{\"@id\":\"https:\\\/\\\/esmeraylaw.com\\\/tr\\\/#\\\/schema\\\/logo\\\/image\\\/\"},\"sameAs\":[\"https:\\\/\\\/www.facebook.com\\\/esmeraylaw\",\"https:\\\/\\\/x.com\\\/EsmerayLaw\",\"https:\\\/\\\/www.instagram.com\\\/esmerayhukukburosu\",\"https:\\\/\\\/www.linkedin.com\\\/in\\\/esmeraylaw\"]},{\"@type\":\"Person\",\"@id\":\"https:\\\/\\\/esmeraylaw.com\\\/tr\\\/#\\\/schema\\\/person\\\/99f6451f0a330c75209277c8c8e674f4\",\"name\":\"Fehmi Esmeray\",\"image\":{\"@type\":\"ImageObject\",\"inLanguage\":\"tr\",\"@id\":\"https:\\\/\\\/secure.gravatar.com\\\/avatar\\\/1146e0f4e56c81d3812c7a51f07c3adc714b2b130ac895b2d8ab9a22d23e10a7?s=96&d=mm&r=g\",\"url\":\"https:\\\/\\\/secure.gravatar.com\\\/avatar\\\/1146e0f4e56c81d3812c7a51f07c3adc714b2b130ac895b2d8ab9a22d23e10a7?s=96&d=mm&r=g\",\"contentUrl\":\"https:\\\/\\\/secure.gravatar.com\\\/avatar\\\/1146e0f4e56c81d3812c7a51f07c3adc714b2b130ac895b2d8ab9a22d23e10a7?s=96&d=mm&r=g\",\"caption\":\"Fehmi Esmeray\"},\"url\":\"https:\\\/\\\/esmeraylaw.com\\\/tr\\\/author\\\/eslaw\\\/\"}]}<\/script>\n<!-- \/ Yoast SEO plugin. -->","yoast_head_json":{"title":"Bo\u015fanma Davas\u0131nda Ruhsal Rahats\u0131zl\u0131\u011f\u0131 Delillerle Desteklenen E\u015fin Vesayet Alt\u0131na Al\u0131nmas\u0131n\u0131n Gerekip Gerekmedi\u011fi Ara\u015ft\u0131r\u0131lmal\u0131 - Esmeray Hukuk B\u00fcrosu","description":"Bo\u015fanma davas\u0131nda e\u015fin ruhsal rahats\u0131zl\u0131\u011f\u0131 iddia edilmi\u015f ve bu husus dosyada mevcut deliller ile desteklenmekte ise, yap\u0131lacak i\u015f T\u00fcrk Medeni Kanunu'nun 405 ve Hukuk Muhakemeleri Kanunu'nun 56. maddeleri uyar\u0131nca vesayet alt\u0131na al\u0131nmas\u0131n\u0131n gerekip gerekmedi\u011finin ara\u015ft\u0131r\u0131lmas\u0131d\u0131r.","robots":{"index":"index","follow":"follow","max-snippet":"max-snippet:-1","max-image-preview":"max-image-preview:large","max-video-preview":"max-video-preview:-1"},"canonical":"https:\/\/esmeraylaw.com\/tr\/ruhsal-rahatsizligi-delillerle-desteklenen-davali-esin-vesayet-altina-alinmasinin-gerekip-gerekmedigi-arastirilmalidir\/","og_locale":"tr_TR","og_type":"article","og_title":"Bo\u015fanma Davas\u0131nda Ruhsal Rahats\u0131zl\u0131\u011f\u0131 Delillerle Desteklenen E\u015fin Vesayet Alt\u0131na Al\u0131nmas\u0131n\u0131n Gerekip Gerekmedi\u011fi Ara\u015ft\u0131r\u0131lmal\u0131 - Esmeray Hukuk B\u00fcrosu","og_description":"Bo\u015fanma davas\u0131nda e\u015fin ruhsal rahats\u0131zl\u0131\u011f\u0131 iddia edilmi\u015f ve bu husus dosyada mevcut deliller ile desteklenmekte ise, yap\u0131lacak i\u015f T\u00fcrk Medeni Kanunu'nun 405 ve Hukuk Muhakemeleri Kanunu'nun 56. maddeleri uyar\u0131nca vesayet alt\u0131na al\u0131nmas\u0131n\u0131n gerekip gerekmedi\u011finin ara\u015ft\u0131r\u0131lmas\u0131d\u0131r.","og_url":"https:\/\/esmeraylaw.com\/tr\/ruhsal-rahatsizligi-delillerle-desteklenen-davali-esin-vesayet-altina-alinmasinin-gerekip-gerekmedigi-arastirilmalidir\/","og_site_name":"Esmeray Hukuk B\u00fcrosu","article_publisher":"https:\/\/www.facebook.com\/esmeraylaw","article_published_time":"2020-10-26T21:19:28+00:00","article_modified_time":"2021-02-20T21:10:07+00:00","og_image":[{"width":122,"height":65,"url":"https:\/\/esmeraylaw.com\/tr\/wp-content\/uploads\/2020\/09\/logo.jpg","type":"image\/jpeg"}],"author":"Fehmi Esmeray","twitter_card":"summary_large_image","twitter_creator":"@EsmerayLaw","twitter_site":"@EsmerayLaw","twitter_misc":{"Yazan:":"Fehmi Esmeray","Tahmini okuma s\u00fcresi":"2 dakika"},"schema":{"@context":"https:\/\/schema.org","@graph":[{"@type":"Article","@id":"https:\/\/esmeraylaw.com\/tr\/ruhsal-rahatsizligi-delillerle-desteklenen-davali-esin-vesayet-altina-alinmasinin-gerekip-gerekmedigi-arastirilmalidir\/#article","isPartOf":{"@id":"https:\/\/esmeraylaw.com\/tr\/ruhsal-rahatsizligi-delillerle-desteklenen-davali-esin-vesayet-altina-alinmasinin-gerekip-gerekmedigi-arastirilmalidir\/"},"author":{"name":"Fehmi Esmeray","@id":"https:\/\/esmeraylaw.com\/tr\/#\/schema\/person\/99f6451f0a330c75209277c8c8e674f4"},"headline":"Bo\u015fanma Davas\u0131nda Ruhsal Rahats\u0131zl\u0131\u011f\u0131 Delillerle Desteklenen E\u015fin Vesayet Alt\u0131na Al\u0131nmas\u0131n\u0131n Gerekip Gerekmedi\u011fi Ara\u015ft\u0131r\u0131lmal\u0131","datePublished":"2020-10-26T21:19:28+00:00","dateModified":"2021-02-20T21:10:07+00:00","mainEntityOfPage":{"@id":"https:\/\/esmeraylaw.com\/tr\/ruhsal-rahatsizligi-delillerle-desteklenen-davali-esin-vesayet-altina-alinmasinin-gerekip-gerekmedigi-arastirilmalidir\/"},"wordCount":385,"commentCount":0,"publisher":{"@id":"https:\/\/esmeraylaw.com\/tr\/#organization"},"articleSection":["Ictihat"],"inLanguage":"tr","potentialAction":[{"@type":"CommentAction","name":"Comment","target":["https:\/\/esmeraylaw.com\/tr\/ruhsal-rahatsizligi-delillerle-desteklenen-davali-esin-vesayet-altina-alinmasinin-gerekip-gerekmedigi-arastirilmalidir\/#respond"]}]},{"@type":"WebPage","@id":"https:\/\/esmeraylaw.com\/tr\/ruhsal-rahatsizligi-delillerle-desteklenen-davali-esin-vesayet-altina-alinmasinin-gerekip-gerekmedigi-arastirilmalidir\/","url":"https:\/\/esmeraylaw.com\/tr\/ruhsal-rahatsizligi-delillerle-desteklenen-davali-esin-vesayet-altina-alinmasinin-gerekip-gerekmedigi-arastirilmalidir\/","name":"Bo\u015fanma Davas\u0131nda Ruhsal Rahats\u0131zl\u0131\u011f\u0131 Delillerle Desteklenen E\u015fin Vesayet Alt\u0131na Al\u0131nmas\u0131n\u0131n Gerekip Gerekmedi\u011fi Ara\u015ft\u0131r\u0131lmal\u0131 - Esmeray Hukuk B\u00fcrosu","isPartOf":{"@id":"https:\/\/esmeraylaw.com\/tr\/#website"},"datePublished":"2020-10-26T21:19:28+00:00","dateModified":"2021-02-20T21:10:07+00:00","description":"Bo\u015fanma davas\u0131nda e\u015fin ruhsal rahats\u0131zl\u0131\u011f\u0131 iddia edilmi\u015f ve bu husus dosyada mevcut deliller ile desteklenmekte ise, yap\u0131lacak i\u015f T\u00fcrk Medeni Kanunu'nun 405 ve Hukuk Muhakemeleri Kanunu'nun 56. maddeleri uyar\u0131nca vesayet alt\u0131na al\u0131nmas\u0131n\u0131n gerekip gerekmedi\u011finin ara\u015ft\u0131r\u0131lmas\u0131d\u0131r.","breadcrumb":{"@id":"https:\/\/esmeraylaw.com\/tr\/ruhsal-rahatsizligi-delillerle-desteklenen-davali-esin-vesayet-altina-alinmasinin-gerekip-gerekmedigi-arastirilmalidir\/#breadcrumb"},"inLanguage":"tr","potentialAction":[{"@type":"ReadAction","target":["https:\/\/esmeraylaw.com\/tr\/ruhsal-rahatsizligi-delillerle-desteklenen-davali-esin-vesayet-altina-alinmasinin-gerekip-gerekmedigi-arastirilmalidir\/"]}]},{"@type":"BreadcrumbList","@id":"https:\/\/esmeraylaw.com\/tr\/ruhsal-rahatsizligi-delillerle-desteklenen-davali-esin-vesayet-altina-alinmasinin-gerekip-gerekmedigi-arastirilmalidir\/#breadcrumb","itemListElement":[{"@type":"ListItem","position":1,"name":"Ana sayfa","item":"https:\/\/esmeraylaw.com\/tr\/"},{"@type":"ListItem","position":2,"name":"Bo\u015fanma Davas\u0131nda Ruhsal Rahats\u0131zl\u0131\u011f\u0131 Delillerle Desteklenen E\u015fin Vesayet Alt\u0131na Al\u0131nmas\u0131n\u0131n Gerekip Gerekmedi\u011fi Ara\u015ft\u0131r\u0131lmal\u0131"}]},{"@type":"WebSite","@id":"https:\/\/esmeraylaw.com\/tr\/#website","url":"https:\/\/esmeraylaw.com\/tr\/","name":"Esmeray Hukuk B\u00fcrosu","description":"Ticaret Hukuku Avukat\u0131","publisher":{"@id":"https:\/\/esmeraylaw.com\/tr\/#organization"},"potentialAction":[{"@type":"SearchAction","target":{"@type":"EntryPoint","urlTemplate":"https:\/\/esmeraylaw.com\/tr\/?s={search_term_string}"},"query-input":{"@type":"PropertyValueSpecification","valueRequired":true,"valueName":"search_term_string"}}],"inLanguage":"tr"},{"@type":"Organization","@id":"https:\/\/esmeraylaw.com\/tr\/#organization","name":"Esmeray Hukuk B\u00fcrosu","url":"https:\/\/esmeraylaw.com\/tr\/","logo":{"@type":"ImageObject","inLanguage":"tr","@id":"https:\/\/esmeraylaw.com\/tr\/#\/schema\/logo\/image\/","url":"https:\/\/esmeraylaw.com\/tr\/wp-content\/uploads\/2020\/09\/logo.jpg","contentUrl":"https:\/\/esmeraylaw.com\/tr\/wp-content\/uploads\/2020\/09\/logo.jpg","width":122,"height":65,"caption":"Esmeray Hukuk B\u00fcrosu"},"image":{"@id":"https:\/\/esmeraylaw.com\/tr\/#\/schema\/logo\/image\/"},"sameAs":["https:\/\/www.facebook.com\/esmeraylaw","https:\/\/x.com\/EsmerayLaw","https:\/\/www.instagram.com\/esmerayhukukburosu","https:\/\/www.linkedin.com\/in\/esmeraylaw"]},{"@type":"Person","@id":"https:\/\/esmeraylaw.com\/tr\/#\/schema\/person\/99f6451f0a330c75209277c8c8e674f4","name":"Fehmi Esmeray","image":{"@type":"ImageObject","inLanguage":"tr","@id":"https:\/\/secure.gravatar.com\/avatar\/1146e0f4e56c81d3812c7a51f07c3adc714b2b130ac895b2d8ab9a22d23e10a7?s=96&d=mm&r=g","url":"https:\/\/secure.gravatar.com\/avatar\/1146e0f4e56c81d3812c7a51f07c3adc714b2b130ac895b2d8ab9a22d23e10a7?s=96&d=mm&r=g","contentUrl":"https:\/\/secure.gravatar.com\/avatar\/1146e0f4e56c81d3812c7a51f07c3adc714b2b130ac895b2d8ab9a22d23e10a7?s=96&d=mm&r=g","caption":"Fehmi Esmeray"},"url":"https:\/\/esmeraylaw.com\/tr\/author\/eslaw\/"}]}},"_links":{"self":[{"href":"https:\/\/esmeraylaw.com\/tr\/wp-json\/wp\/v2\/posts\/161","targetHints":{"allow":["GET"]}}],"collection":[{"href":"https:\/\/esmeraylaw.com\/tr\/wp-json\/wp\/v2\/posts"}],"about":[{"href":"https:\/\/esmeraylaw.com\/tr\/wp-json\/wp\/v2\/types\/post"}],"author":[{"embeddable":true,"href":"https:\/\/esmeraylaw.com\/tr\/wp-json\/wp\/v2\/users\/2"}],"replies":[{"embeddable":true,"href":"https:\/\/esmeraylaw.com\/tr\/wp-json\/wp\/v2\/comments?post=161"}],"version-history":[{"count":0,"href":"https:\/\/esmeraylaw.com\/tr\/wp-json\/wp\/v2\/posts\/161\/revisions"}],"wp:attachment":[{"href":"https:\/\/esmeraylaw.com\/tr\/wp-json\/wp\/v2\/media?parent=161"}],"wp:term":[{"taxonomy":"category","embeddable":true,"href":"https:\/\/esmeraylaw.com\/tr\/wp-json\/wp\/v2\/categories?post=161"},{"taxonomy":"post_tag","embeddable":true,"href":"https:\/\/esmeraylaw.com\/tr\/wp-json\/wp\/v2\/tags?post=161"}],"curies":[{"name":"wp","href":"https:\/\/api.w.org\/{rel}","templated":true}]}}