{"id":163,"date":"2020-10-31T00:21:00","date_gmt":"2020-10-30T21:21:00","guid":{"rendered":"https:\/\/esmeraylaw.com\/tr\/?p=163"},"modified":"2021-02-21T00:09:08","modified_gmt":"2021-02-20T21:09:08","slug":"aile-konutu-uzerindeki-ipotegin-kaldirilmasi-davalarinda-aile-mahkemeleri-gorevli","status":"publish","type":"post","link":"https:\/\/esmeraylaw.com\/tr\/aile-konutu-uzerindeki-ipotegin-kaldirilmasi-davalarinda-aile-mahkemeleri-gorevli\/","title":{"rendered":"Aile Konutu \u00dczerindeki \u0130pote\u011fin Kald\u0131r\u0131lmas\u0131 Davalar\u0131nda Aile Mahkemeleri G\u00f6revlidir"},"content":{"rendered":"<p>[vc_row][vc_column][vc_column_text]<strong>T.C.<\/strong><\/p>\n<p><strong>YARGITAY<\/strong><\/p>\n<p><strong>13.HUKUK DA\u0130RES\u0130<\/strong><\/p>\n<p><strong>Esas No: 2018\/3558<\/strong><\/p>\n<p><strong>Karar No: 2020\/348<\/strong><\/p>\n<p style=\"text-align: justify;\"><strong>\u00d6ZET: <\/strong>Aile konutu \u00fczerindeki ipote\u011fin e\u015fin r\u0131zas\u0131 olmad\u0131\u011f\u0131 gerek\u00e7esiyle kald\u0131r\u0131lmas\u0131 talepli davan\u0131n Aile Mahkemesinde a\u00e7\u0131lmas\u0131 gerekmektedir.<\/p>\n<p><strong>KARAR<\/strong><\/p>\n<p style=\"text-align: justify;\">Davac\u0131, daval\u0131 e\u015fi M\u00fcnevver ile birlikte aile konutu olarak kulland\u0131klar\u0131 ta\u015f\u0131nmaz \u00fczerinde di\u011fer daval\u0131 &#8230; lehine kurulan ipote\u011fin, ipote\u011fe r\u0131zas\u0131n\u0131n olmamas\u0131 nedeniyle ge\u00e7ersiz oldu\u011funu ileri s\u00fcrerek; ipote\u011fin kald\u0131r\u0131lmas\u0131na karar verilmesini talep ve dava etmi\u015ftir.<\/p>\n<p style=\"text-align: justify;\">Daval\u0131 &#8230;, davan\u0131n reddini istemi\u015f; di\u011fer daval\u0131 davaya cevaplar\u0131n\u0131 sunmam\u0131\u015ft\u0131r.<\/p>\n<p style=\"text-align: justify;\">Mahkemece verilen davan\u0131n reddine dair karar, davac\u0131 taraf\u0131n temyizi \u00fczerine Dairemizce onanm\u0131\u015f, davac\u0131 taraf\u00e7a bu sefer karar d\u00fczeltme talebinde bulunulmu\u015ftur.<\/p>\n<p style=\"text-align: justify;\"><strong>1-<\/strong>Dava, aile konutu \u00fczerindeki ipote\u011fin (TMK, md. 194) kald\u0131r\u0131lmas\u0131na ili\u015fkin olup, 07\/07\/2014 tarihinde a\u00e7\u0131lm\u0131\u015ft\u0131r. 4787 say\u0131l\u0131 Aile Mahkemelerinin Kurulu\u015f G\u00f6rev ve Yarg\u0131lama Usullerine Dair Kanunun, 5133 say\u0131l\u0131 Kanunla de\u011fi\u015fik 4\/1. maddesi uyar\u0131nca, 4721 say\u0131l\u0131 T\u00fcrk Medeni Kanununun \u00fc\u00e7\u00fcnc\u00fc k\u0131sm\u0131 hari\u00e7 olmak \u00fczere, ikinci kitab\u0131ndan (m.118-395) kaynaklanan davalara aile mahkemelerinde bak\u0131l\u0131r. Mahkemelerin g\u00f6revine ili\u015fkin kurallar kamu d\u00fczenine ili\u015fkin olup, mahkemece yarg\u0131laman\u0131n her a\u015famas\u0131nda dikkate al\u0131nmas\u0131 gerekir.<\/p>\n<p style=\"text-align: justify;\">\u015eu halde aile konutu iddias\u0131yla a\u00e7\u0131lan ipote\u011fin kald\u0131r\u0131lmas\u0131 davas\u0131nda g\u00f6revli mahkeme aile mahkemesi olup, mahkemece bu y\u00f6nde g\u00f6revsizlik karar\u0131 verilmesi gerekirken, yaz\u0131l\u0131 \u015fekilde i\u015fin esas\u0131na girilerek karar verilmesi usul ve yasaya ayk\u0131r\u0131d\u0131r.<\/p>\n<p style=\"text-align: justify;\">Karar\u0131n bu nedenlerle bozulmas\u0131 gerekirken, zuhulen onanmas\u0131na karar verildi\u011fi bu kez yap\u0131lan inceleme ile anla\u015f\u0131ld\u0131\u011f\u0131ndan, davac\u0131n\u0131n karar d\u00fczeltme talebinin kabul\u00fc ile Dairemizin onamaya dair 30\/01\/2018 tarihli 2015\/37622 e. 2018\/974 k. say\u0131l\u0131 karar\u0131n\u0131n kald\u0131r\u0131lmas\u0131na ve mahkeme karar\u0131n\u0131n bu y\u00f6nden bozulmas\u0131na karar verilmesi gerekmi\u015ftir.<\/p>\n<p style=\"text-align: justify;\"><strong>2-<\/strong>Bozma nedenine g\u00f6re, taraflar\u0131n sair temyiz itirazlar\u0131n\u0131n incelenmesine \u015fimdilik gerek g\u00f6r\u00fclmemi\u015ftir.<\/p>\n<p style=\"text-align: justify;\"><strong>SONU\u00c7:<\/strong> Yukar\u0131da 1. bentte a\u00e7\u0131klanan nedenle davac\u0131n\u0131n karar d\u00fczeltme talebinin kabul\u00fc ile 13. Hukuk Dairesi\u2019nin 30\/01\/2018 tarihli 2015\/37622 e. 2018\/974 k. say\u0131l\u0131 onama karar\u0131n\u0131n kald\u0131r\u0131lmas\u0131na ve ilk derece mahkeme karar\u0131n\u0131n BOZULMASINA, 2. bent gere\u011fince davac\u0131n\u0131n temyiz sebeplerinin incelenmesine bu a\u015famada yer olmad\u0131\u011f\u0131na, pe\u015fin al\u0131nan harc\u0131n istek halinde iadesine, 20\/01\/2020 g\u00fcn\u00fcnde oybirli\u011fiyle karar verildi.<\/p>\n<p>[\/vc_column_text][\/vc_column][\/vc_row]<\/p>\n","protected":false},"excerpt":{"rendered":"<p>[vc_row][vc_column][vc_column_text]T.C. YARGITAY 13.HUKUK DA\u0130RES\u0130 Esas No: 2018\/3558 Karar No: 2020\/348 \u00d6ZET: Aile konutu \u00fczerindeki ipote\u011fin e\u015fin r\u0131zas\u0131 olmad\u0131\u011f\u0131 gerek\u00e7esiyle kald\u0131r\u0131lmas\u0131 talepli davan\u0131n Aile Mahkemesinde a\u00e7\u0131lmas\u0131 gerekmektedir.<span class=\"excerpt-hellip\"> [\u2026]<\/span><\/p>\n","protected":false},"author":2,"featured_media":0,"comment_status":"open","ping_status":"closed","sticky":false,"template":"","format":"standard","meta":{"footnotes":""},"categories":[6],"tags":[],"class_list":["post-163","post","type-post","status-publish","format-standard","hentry","category-ictihat"],"yoast_head":"<!-- This site is optimized with the Yoast SEO plugin v27.5 - https:\/\/yoast.com\/product\/yoast-seo-wordpress\/ -->\n<title>Aile Konutu \u00dczerindeki \u0130pote\u011fin Kald\u0131r\u0131lmas\u0131 Davalar\u0131nda Aile Mahkemeleri G\u00f6revlidir - Esmeray Hukuk B\u00fcrosu<\/title>\n<meta name=\"description\" content=\"Aile konutu \u00fczerindeki ipote\u011fin e\u015fin r\u0131zas\u0131 olmad\u0131\u011f\u0131 gerek\u00e7esiyle kald\u0131r\u0131lmas\u0131 talepli davan\u0131n Aile Mahkemesinde a\u00e7\u0131lmas\u0131 gerekmektedir.\" \/>\n<meta name=\"robots\" content=\"index, follow, max-snippet:-1, max-image-preview:large, max-video-preview:-1\" \/>\n<link rel=\"canonical\" href=\"https:\/\/esmeraylaw.com\/tr\/aile-konutu-uzerindeki-ipotegin-kaldirilmasi-davalarinda-aile-mahkemeleri-gorevli\/\" \/>\n<meta property=\"og:locale\" content=\"tr_TR\" \/>\n<meta property=\"og:type\" content=\"article\" \/>\n<meta property=\"og:title\" content=\"Aile Konutu \u00dczerindeki \u0130pote\u011fin Kald\u0131r\u0131lmas\u0131 Davalar\u0131nda Aile Mahkemeleri G\u00f6revlidir - Esmeray Hukuk B\u00fcrosu\" \/>\n<meta property=\"og:description\" content=\"Aile konutu \u00fczerindeki ipote\u011fin e\u015fin r\u0131zas\u0131 olmad\u0131\u011f\u0131 gerek\u00e7esiyle kald\u0131r\u0131lmas\u0131 talepli davan\u0131n Aile Mahkemesinde a\u00e7\u0131lmas\u0131 gerekmektedir.\" \/>\n<meta property=\"og:url\" content=\"https:\/\/esmeraylaw.com\/tr\/aile-konutu-uzerindeki-ipotegin-kaldirilmasi-davalarinda-aile-mahkemeleri-gorevli\/\" \/>\n<meta property=\"og:site_name\" content=\"Esmeray Hukuk B\u00fcrosu\" \/>\n<meta property=\"article:publisher\" content=\"https:\/\/www.facebook.com\/esmeraylaw\" \/>\n<meta property=\"article:published_time\" content=\"2020-10-30T21:21:00+00:00\" \/>\n<meta property=\"article:modified_time\" content=\"2021-02-20T21:09:08+00:00\" \/>\n<meta property=\"og:image\" content=\"https:\/\/esmeraylaw.com\/tr\/wp-content\/uploads\/2020\/09\/logo.jpg\" \/>\n\t<meta property=\"og:image:width\" content=\"122\" \/>\n\t<meta property=\"og:image:height\" content=\"65\" \/>\n\t<meta property=\"og:image:type\" content=\"image\/jpeg\" \/>\n<meta name=\"author\" content=\"Fehmi Esmeray\" \/>\n<meta name=\"twitter:card\" content=\"summary_large_image\" \/>\n<meta name=\"twitter:creator\" content=\"@EsmerayLaw\" \/>\n<meta name=\"twitter:site\" content=\"@EsmerayLaw\" \/>\n<meta name=\"twitter:label1\" content=\"Yazan:\" \/>\n\t<meta name=\"twitter:data1\" content=\"Fehmi Esmeray\" \/>\n\t<meta name=\"twitter:label2\" content=\"Tahmini okuma s\u00fcresi\" \/>\n\t<meta name=\"twitter:data2\" content=\"2 dakika\" \/>\n<script type=\"application\/ld+json\" class=\"yoast-schema-graph\">{\"@context\":\"https:\\\/\\\/schema.org\",\"@graph\":[{\"@type\":\"Article\",\"@id\":\"https:\\\/\\\/esmeraylaw.com\\\/tr\\\/aile-konutu-uzerindeki-ipotegin-kaldirilmasi-davalarinda-aile-mahkemeleri-gorevli\\\/#article\",\"isPartOf\":{\"@id\":\"https:\\\/\\\/esmeraylaw.com\\\/tr\\\/aile-konutu-uzerindeki-ipotegin-kaldirilmasi-davalarinda-aile-mahkemeleri-gorevli\\\/\"},\"author\":{\"name\":\"Fehmi Esmeray\",\"@id\":\"https:\\\/\\\/esmeraylaw.com\\\/tr\\\/#\\\/schema\\\/person\\\/99f6451f0a330c75209277c8c8e674f4\"},\"headline\":\"Aile Konutu \u00dczerindeki \u0130pote\u011fin Kald\u0131r\u0131lmas\u0131 Davalar\u0131nda Aile Mahkemeleri G\u00f6revlidir\",\"datePublished\":\"2020-10-30T21:21:00+00:00\",\"dateModified\":\"2021-02-20T21:09:08+00:00\",\"mainEntityOfPage\":{\"@id\":\"https:\\\/\\\/esmeraylaw.com\\\/tr\\\/aile-konutu-uzerindeki-ipotegin-kaldirilmasi-davalarinda-aile-mahkemeleri-gorevli\\\/\"},\"wordCount\":438,\"commentCount\":0,\"publisher\":{\"@id\":\"https:\\\/\\\/esmeraylaw.com\\\/tr\\\/#organization\"},\"articleSection\":[\"Ictihat\"],\"inLanguage\":\"tr\",\"potentialAction\":[{\"@type\":\"CommentAction\",\"name\":\"Comment\",\"target\":[\"https:\\\/\\\/esmeraylaw.com\\\/tr\\\/aile-konutu-uzerindeki-ipotegin-kaldirilmasi-davalarinda-aile-mahkemeleri-gorevli\\\/#respond\"]}]},{\"@type\":\"WebPage\",\"@id\":\"https:\\\/\\\/esmeraylaw.com\\\/tr\\\/aile-konutu-uzerindeki-ipotegin-kaldirilmasi-davalarinda-aile-mahkemeleri-gorevli\\\/\",\"url\":\"https:\\\/\\\/esmeraylaw.com\\\/tr\\\/aile-konutu-uzerindeki-ipotegin-kaldirilmasi-davalarinda-aile-mahkemeleri-gorevli\\\/\",\"name\":\"Aile Konutu \u00dczerindeki \u0130pote\u011fin Kald\u0131r\u0131lmas\u0131 Davalar\u0131nda Aile Mahkemeleri G\u00f6revlidir - Esmeray Hukuk B\u00fcrosu\",\"isPartOf\":{\"@id\":\"https:\\\/\\\/esmeraylaw.com\\\/tr\\\/#website\"},\"datePublished\":\"2020-10-30T21:21:00+00:00\",\"dateModified\":\"2021-02-20T21:09:08+00:00\",\"description\":\"Aile konutu \u00fczerindeki ipote\u011fin e\u015fin r\u0131zas\u0131 olmad\u0131\u011f\u0131 gerek\u00e7esiyle kald\u0131r\u0131lmas\u0131 talepli davan\u0131n Aile Mahkemesinde a\u00e7\u0131lmas\u0131 gerekmektedir.\",\"breadcrumb\":{\"@id\":\"https:\\\/\\\/esmeraylaw.com\\\/tr\\\/aile-konutu-uzerindeki-ipotegin-kaldirilmasi-davalarinda-aile-mahkemeleri-gorevli\\\/#breadcrumb\"},\"inLanguage\":\"tr\",\"potentialAction\":[{\"@type\":\"ReadAction\",\"target\":[\"https:\\\/\\\/esmeraylaw.com\\\/tr\\\/aile-konutu-uzerindeki-ipotegin-kaldirilmasi-davalarinda-aile-mahkemeleri-gorevli\\\/\"]}]},{\"@type\":\"BreadcrumbList\",\"@id\":\"https:\\\/\\\/esmeraylaw.com\\\/tr\\\/aile-konutu-uzerindeki-ipotegin-kaldirilmasi-davalarinda-aile-mahkemeleri-gorevli\\\/#breadcrumb\",\"itemListElement\":[{\"@type\":\"ListItem\",\"position\":1,\"name\":\"Ana sayfa\",\"item\":\"https:\\\/\\\/esmeraylaw.com\\\/tr\\\/\"},{\"@type\":\"ListItem\",\"position\":2,\"name\":\"Aile Konutu \u00dczerindeki \u0130pote\u011fin Kald\u0131r\u0131lmas\u0131 Davalar\u0131nda Aile Mahkemeleri G\u00f6revlidir\"}]},{\"@type\":\"WebSite\",\"@id\":\"https:\\\/\\\/esmeraylaw.com\\\/tr\\\/#website\",\"url\":\"https:\\\/\\\/esmeraylaw.com\\\/tr\\\/\",\"name\":\"Esmeray Hukuk B\u00fcrosu\",\"description\":\"Ticaret Hukuku Avukat\u0131\",\"publisher\":{\"@id\":\"https:\\\/\\\/esmeraylaw.com\\\/tr\\\/#organization\"},\"potentialAction\":[{\"@type\":\"SearchAction\",\"target\":{\"@type\":\"EntryPoint\",\"urlTemplate\":\"https:\\\/\\\/esmeraylaw.com\\\/tr\\\/?s={search_term_string}\"},\"query-input\":{\"@type\":\"PropertyValueSpecification\",\"valueRequired\":true,\"valueName\":\"search_term_string\"}}],\"inLanguage\":\"tr\"},{\"@type\":\"Organization\",\"@id\":\"https:\\\/\\\/esmeraylaw.com\\\/tr\\\/#organization\",\"name\":\"Esmeray Hukuk B\u00fcrosu\",\"url\":\"https:\\\/\\\/esmeraylaw.com\\\/tr\\\/\",\"logo\":{\"@type\":\"ImageObject\",\"inLanguage\":\"tr\",\"@id\":\"https:\\\/\\\/esmeraylaw.com\\\/tr\\\/#\\\/schema\\\/logo\\\/image\\\/\",\"url\":\"https:\\\/\\\/esmeraylaw.com\\\/tr\\\/wp-content\\\/uploads\\\/2020\\\/09\\\/logo.jpg\",\"contentUrl\":\"https:\\\/\\\/esmeraylaw.com\\\/tr\\\/wp-content\\\/uploads\\\/2020\\\/09\\\/logo.jpg\",\"width\":122,\"height\":65,\"caption\":\"Esmeray Hukuk B\u00fcrosu\"},\"image\":{\"@id\":\"https:\\\/\\\/esmeraylaw.com\\\/tr\\\/#\\\/schema\\\/logo\\\/image\\\/\"},\"sameAs\":[\"https:\\\/\\\/www.facebook.com\\\/esmeraylaw\",\"https:\\\/\\\/x.com\\\/EsmerayLaw\",\"https:\\\/\\\/www.instagram.com\\\/esmerayhukukburosu\",\"https:\\\/\\\/www.linkedin.com\\\/in\\\/esmeraylaw\"]},{\"@type\":\"Person\",\"@id\":\"https:\\\/\\\/esmeraylaw.com\\\/tr\\\/#\\\/schema\\\/person\\\/99f6451f0a330c75209277c8c8e674f4\",\"name\":\"Fehmi Esmeray\",\"image\":{\"@type\":\"ImageObject\",\"inLanguage\":\"tr\",\"@id\":\"https:\\\/\\\/secure.gravatar.com\\\/avatar\\\/1146e0f4e56c81d3812c7a51f07c3adc714b2b130ac895b2d8ab9a22d23e10a7?s=96&d=mm&r=g\",\"url\":\"https:\\\/\\\/secure.gravatar.com\\\/avatar\\\/1146e0f4e56c81d3812c7a51f07c3adc714b2b130ac895b2d8ab9a22d23e10a7?s=96&d=mm&r=g\",\"contentUrl\":\"https:\\\/\\\/secure.gravatar.com\\\/avatar\\\/1146e0f4e56c81d3812c7a51f07c3adc714b2b130ac895b2d8ab9a22d23e10a7?s=96&d=mm&r=g\",\"caption\":\"Fehmi Esmeray\"},\"url\":\"https:\\\/\\\/esmeraylaw.com\\\/tr\\\/author\\\/eslaw\\\/\"}]}<\/script>\n<!-- \/ Yoast SEO plugin. -->","yoast_head_json":{"title":"Aile Konutu \u00dczerindeki \u0130pote\u011fin Kald\u0131r\u0131lmas\u0131 Davalar\u0131nda Aile Mahkemeleri G\u00f6revlidir - Esmeray Hukuk B\u00fcrosu","description":"Aile konutu \u00fczerindeki ipote\u011fin e\u015fin r\u0131zas\u0131 olmad\u0131\u011f\u0131 gerek\u00e7esiyle kald\u0131r\u0131lmas\u0131 talepli davan\u0131n Aile Mahkemesinde a\u00e7\u0131lmas\u0131 gerekmektedir.","robots":{"index":"index","follow":"follow","max-snippet":"max-snippet:-1","max-image-preview":"max-image-preview:large","max-video-preview":"max-video-preview:-1"},"canonical":"https:\/\/esmeraylaw.com\/tr\/aile-konutu-uzerindeki-ipotegin-kaldirilmasi-davalarinda-aile-mahkemeleri-gorevli\/","og_locale":"tr_TR","og_type":"article","og_title":"Aile Konutu \u00dczerindeki \u0130pote\u011fin Kald\u0131r\u0131lmas\u0131 Davalar\u0131nda Aile Mahkemeleri G\u00f6revlidir - Esmeray Hukuk B\u00fcrosu","og_description":"Aile konutu \u00fczerindeki ipote\u011fin e\u015fin r\u0131zas\u0131 olmad\u0131\u011f\u0131 gerek\u00e7esiyle kald\u0131r\u0131lmas\u0131 talepli davan\u0131n Aile Mahkemesinde a\u00e7\u0131lmas\u0131 gerekmektedir.","og_url":"https:\/\/esmeraylaw.com\/tr\/aile-konutu-uzerindeki-ipotegin-kaldirilmasi-davalarinda-aile-mahkemeleri-gorevli\/","og_site_name":"Esmeray Hukuk B\u00fcrosu","article_publisher":"https:\/\/www.facebook.com\/esmeraylaw","article_published_time":"2020-10-30T21:21:00+00:00","article_modified_time":"2021-02-20T21:09:08+00:00","og_image":[{"width":122,"height":65,"url":"https:\/\/esmeraylaw.com\/tr\/wp-content\/uploads\/2020\/09\/logo.jpg","type":"image\/jpeg"}],"author":"Fehmi Esmeray","twitter_card":"summary_large_image","twitter_creator":"@EsmerayLaw","twitter_site":"@EsmerayLaw","twitter_misc":{"Yazan:":"Fehmi Esmeray","Tahmini okuma s\u00fcresi":"2 dakika"},"schema":{"@context":"https:\/\/schema.org","@graph":[{"@type":"Article","@id":"https:\/\/esmeraylaw.com\/tr\/aile-konutu-uzerindeki-ipotegin-kaldirilmasi-davalarinda-aile-mahkemeleri-gorevli\/#article","isPartOf":{"@id":"https:\/\/esmeraylaw.com\/tr\/aile-konutu-uzerindeki-ipotegin-kaldirilmasi-davalarinda-aile-mahkemeleri-gorevli\/"},"author":{"name":"Fehmi Esmeray","@id":"https:\/\/esmeraylaw.com\/tr\/#\/schema\/person\/99f6451f0a330c75209277c8c8e674f4"},"headline":"Aile Konutu \u00dczerindeki \u0130pote\u011fin Kald\u0131r\u0131lmas\u0131 Davalar\u0131nda Aile Mahkemeleri G\u00f6revlidir","datePublished":"2020-10-30T21:21:00+00:00","dateModified":"2021-02-20T21:09:08+00:00","mainEntityOfPage":{"@id":"https:\/\/esmeraylaw.com\/tr\/aile-konutu-uzerindeki-ipotegin-kaldirilmasi-davalarinda-aile-mahkemeleri-gorevli\/"},"wordCount":438,"commentCount":0,"publisher":{"@id":"https:\/\/esmeraylaw.com\/tr\/#organization"},"articleSection":["Ictihat"],"inLanguage":"tr","potentialAction":[{"@type":"CommentAction","name":"Comment","target":["https:\/\/esmeraylaw.com\/tr\/aile-konutu-uzerindeki-ipotegin-kaldirilmasi-davalarinda-aile-mahkemeleri-gorevli\/#respond"]}]},{"@type":"WebPage","@id":"https:\/\/esmeraylaw.com\/tr\/aile-konutu-uzerindeki-ipotegin-kaldirilmasi-davalarinda-aile-mahkemeleri-gorevli\/","url":"https:\/\/esmeraylaw.com\/tr\/aile-konutu-uzerindeki-ipotegin-kaldirilmasi-davalarinda-aile-mahkemeleri-gorevli\/","name":"Aile Konutu \u00dczerindeki \u0130pote\u011fin Kald\u0131r\u0131lmas\u0131 Davalar\u0131nda Aile Mahkemeleri G\u00f6revlidir - Esmeray Hukuk B\u00fcrosu","isPartOf":{"@id":"https:\/\/esmeraylaw.com\/tr\/#website"},"datePublished":"2020-10-30T21:21:00+00:00","dateModified":"2021-02-20T21:09:08+00:00","description":"Aile konutu \u00fczerindeki ipote\u011fin e\u015fin r\u0131zas\u0131 olmad\u0131\u011f\u0131 gerek\u00e7esiyle kald\u0131r\u0131lmas\u0131 talepli davan\u0131n Aile Mahkemesinde a\u00e7\u0131lmas\u0131 gerekmektedir.","breadcrumb":{"@id":"https:\/\/esmeraylaw.com\/tr\/aile-konutu-uzerindeki-ipotegin-kaldirilmasi-davalarinda-aile-mahkemeleri-gorevli\/#breadcrumb"},"inLanguage":"tr","potentialAction":[{"@type":"ReadAction","target":["https:\/\/esmeraylaw.com\/tr\/aile-konutu-uzerindeki-ipotegin-kaldirilmasi-davalarinda-aile-mahkemeleri-gorevli\/"]}]},{"@type":"BreadcrumbList","@id":"https:\/\/esmeraylaw.com\/tr\/aile-konutu-uzerindeki-ipotegin-kaldirilmasi-davalarinda-aile-mahkemeleri-gorevli\/#breadcrumb","itemListElement":[{"@type":"ListItem","position":1,"name":"Ana sayfa","item":"https:\/\/esmeraylaw.com\/tr\/"},{"@type":"ListItem","position":2,"name":"Aile Konutu \u00dczerindeki \u0130pote\u011fin Kald\u0131r\u0131lmas\u0131 Davalar\u0131nda Aile Mahkemeleri G\u00f6revlidir"}]},{"@type":"WebSite","@id":"https:\/\/esmeraylaw.com\/tr\/#website","url":"https:\/\/esmeraylaw.com\/tr\/","name":"Esmeray Hukuk B\u00fcrosu","description":"Ticaret Hukuku Avukat\u0131","publisher":{"@id":"https:\/\/esmeraylaw.com\/tr\/#organization"},"potentialAction":[{"@type":"SearchAction","target":{"@type":"EntryPoint","urlTemplate":"https:\/\/esmeraylaw.com\/tr\/?s={search_term_string}"},"query-input":{"@type":"PropertyValueSpecification","valueRequired":true,"valueName":"search_term_string"}}],"inLanguage":"tr"},{"@type":"Organization","@id":"https:\/\/esmeraylaw.com\/tr\/#organization","name":"Esmeray Hukuk B\u00fcrosu","url":"https:\/\/esmeraylaw.com\/tr\/","logo":{"@type":"ImageObject","inLanguage":"tr","@id":"https:\/\/esmeraylaw.com\/tr\/#\/schema\/logo\/image\/","url":"https:\/\/esmeraylaw.com\/tr\/wp-content\/uploads\/2020\/09\/logo.jpg","contentUrl":"https:\/\/esmeraylaw.com\/tr\/wp-content\/uploads\/2020\/09\/logo.jpg","width":122,"height":65,"caption":"Esmeray Hukuk B\u00fcrosu"},"image":{"@id":"https:\/\/esmeraylaw.com\/tr\/#\/schema\/logo\/image\/"},"sameAs":["https:\/\/www.facebook.com\/esmeraylaw","https:\/\/x.com\/EsmerayLaw","https:\/\/www.instagram.com\/esmerayhukukburosu","https:\/\/www.linkedin.com\/in\/esmeraylaw"]},{"@type":"Person","@id":"https:\/\/esmeraylaw.com\/tr\/#\/schema\/person\/99f6451f0a330c75209277c8c8e674f4","name":"Fehmi Esmeray","image":{"@type":"ImageObject","inLanguage":"tr","@id":"https:\/\/secure.gravatar.com\/avatar\/1146e0f4e56c81d3812c7a51f07c3adc714b2b130ac895b2d8ab9a22d23e10a7?s=96&d=mm&r=g","url":"https:\/\/secure.gravatar.com\/avatar\/1146e0f4e56c81d3812c7a51f07c3adc714b2b130ac895b2d8ab9a22d23e10a7?s=96&d=mm&r=g","contentUrl":"https:\/\/secure.gravatar.com\/avatar\/1146e0f4e56c81d3812c7a51f07c3adc714b2b130ac895b2d8ab9a22d23e10a7?s=96&d=mm&r=g","caption":"Fehmi Esmeray"},"url":"https:\/\/esmeraylaw.com\/tr\/author\/eslaw\/"}]}},"_links":{"self":[{"href":"https:\/\/esmeraylaw.com\/tr\/wp-json\/wp\/v2\/posts\/163","targetHints":{"allow":["GET"]}}],"collection":[{"href":"https:\/\/esmeraylaw.com\/tr\/wp-json\/wp\/v2\/posts"}],"about":[{"href":"https:\/\/esmeraylaw.com\/tr\/wp-json\/wp\/v2\/types\/post"}],"author":[{"embeddable":true,"href":"https:\/\/esmeraylaw.com\/tr\/wp-json\/wp\/v2\/users\/2"}],"replies":[{"embeddable":true,"href":"https:\/\/esmeraylaw.com\/tr\/wp-json\/wp\/v2\/comments?post=163"}],"version-history":[{"count":0,"href":"https:\/\/esmeraylaw.com\/tr\/wp-json\/wp\/v2\/posts\/163\/revisions"}],"wp:attachment":[{"href":"https:\/\/esmeraylaw.com\/tr\/wp-json\/wp\/v2\/media?parent=163"}],"wp:term":[{"taxonomy":"category","embeddable":true,"href":"https:\/\/esmeraylaw.com\/tr\/wp-json\/wp\/v2\/categories?post=163"},{"taxonomy":"post_tag","embeddable":true,"href":"https:\/\/esmeraylaw.com\/tr\/wp-json\/wp\/v2\/tags?post=163"}],"curies":[{"name":"wp","href":"https:\/\/api.w.org\/{rel}","templated":true}]}}