{"id":166,"date":"2020-11-04T00:12:59","date_gmt":"2020-11-03T21:12:59","guid":{"rendered":"https:\/\/esmeraylaw.com\/tr\/?p=166"},"modified":"2021-02-21T00:08:59","modified_gmt":"2021-02-20T21:08:59","slug":"vesayet-davasinda-yetkili-mahkemenin-kisitli-adayinin-dava-tarihindeki-adresine-gore-belirlenecegi","status":"publish","type":"post","link":"https:\/\/esmeraylaw.com\/tr\/vesayet-davasinda-yetkili-mahkemenin-kisitli-adayinin-dava-tarihindeki-adresine-gore-belirlenecegi\/","title":{"rendered":"Vesayet Davas\u0131nda Yetkili Mahkeme K\u0131s\u0131tl\u0131 Aday\u0131n\u0131n Davan\u0131n A\u00e7\u0131ld\u0131\u011f\u0131 Tarihteki Adresine G\u00f6re Belirlenir"},"content":{"rendered":"<p>[vc_row][vc_column][vc_column_text]<strong>Yarg\u0131tay<\/strong><\/p>\n<p><strong>8. Hukuk Dairesi<\/strong><\/p>\n<p><strong>Esas No: 2019\/1565<\/strong><\/p>\n<p><strong>Karar No: 2019\/3200<\/strong><\/p>\n<p style=\"text-align: justify;\"><strong>\u00d6ZET: <\/strong>Vesayet davas\u0131nda yetkili mahkeme k\u0131s\u0131tl\u0131 aday\u0131n\u0131n davan\u0131n a\u00e7\u0131ld\u0131\u011f\u0131 tarihteki adresine g\u00f6re belirlenir.<\/p>\n<p><strong>&#8220;\u0130\u00e7tihat Metni&#8221;<\/strong><\/p>\n<p><strong>MAHKEMES\u0130<\/strong>: Sulh Hukuk Mahkemesi<\/p>\n<p><strong>DAVA T\u00dcR\u00dc<\/strong>: Vesayet<\/p>\n<p style=\"text-align: justify;\">Taraflar aras\u0131nda g\u00f6r\u00fclen ve yukar\u0131da a\u00e7\u0131klanan davada yap\u0131lan yarg\u0131lama sonunda Mahkemece, yetkisizlik karar\u0131 verilmi\u015f olup h\u00fckm\u00fcn davac\u0131lar, asli m\u00fcdahil ve k\u0131s\u0131tlanmas\u0131 istenilen vekilleri taraf\u0131ndan temyiz edilmesi \u00fczerine, Dairece dosya incelendi, gere\u011fi d\u00fc\u015f\u00fcn\u00fcld\u00fc.<\/p>\n<p><strong>KARAR<\/strong><\/p>\n<p style=\"text-align: justify;\">Dava dilek\u00e7esinde, davac\u0131lar\u0131n babas\u0131 &#8230;&#8217;\u0131n TMK&#8217;nin 406. maddesi gere\u011fince vesayet alt\u0131na al\u0131nmas\u0131 veya TMK&#8217;nin 429. maddesi gere\u011fince yasal dan\u0131\u015fman atanmas\u0131 istenmi\u015f; mahkemece, k\u0131s\u0131tlanmas\u0131 istenilenin yerle\u015fim yerinin Bodrum\/Mu\u011fla oldu\u011fu gerek\u00e7esi ile yetkisizlik karar\u0131 verilmesi \u00fczerine; h\u00fck\u00fcm taraf vekillerince temyiz edilmi\u015ftir.<\/p>\n<p style=\"text-align: justify;\">Dava, 4721 say\u0131l\u0131 T\u00fcrk Medeni Kanunu&#8217;nun 406. maddesi kapsam\u0131nda savurganl\u0131k ve malvarl\u0131\u011f\u0131n\u0131 k\u00f6t\u00fc y\u00f6netme sebebiyle vesayet alt\u0131na al\u0131nma veya ayn\u0131 kanunun 429.maddesi gere\u011fi yasal dan\u0131\u015fman atanmas\u0131 istemine ili\u015fkindir.<\/p>\n<p style=\"text-align: justify;\">4721 say\u0131l\u0131 T\u00fcrk Medeni Kanunu&#8217;nun 411. maddesi gere\u011fince vesayet i\u015flerinde yetki, k\u00fc\u00e7\u00fc\u011f\u00fcn veya k\u0131s\u0131tl\u0131n\u0131n yerle\u015fim yerindeki vesayet dairelerine aittir. Bu yetki kesindir ve mahkemece kendili\u011finden g\u00f6zetilir. Ayn\u0131 Yasan\u0131n 412. maddesi uyar\u0131nca ise; vesayet makam\u0131n\u0131n izni olmad\u0131k\u00e7a vesayet alt\u0131ndaki ki\u015fi, yerle\u015fim yerini de\u011fi\u015ftiremez. 5490 say\u0131l\u0131 N\u00fcfus Hizmetleri Kanunu&#8217;nun 7\/g maddesine g\u00f6re; ki\u015filerin yerle\u015fim yeri adreslerinin n\u00fcfus aile k\u00fct\u00fcklerinde bulunmas\u0131 zorunludur. Bu kanuna dayan\u0131larak \u00e7\u0131kart\u0131lan Adres Kay\u0131t Sistemi Y\u00f6netmeli\u011finin 13\/1.maddesine g\u00f6re, yerle\u015fim yeri adreslerinin tutulmas\u0131nda ki\u015finin yaz\u0131l\u0131 beyan\u0131 esas al\u0131n\u0131r. Adres beyan formundaki bildirimler aksi sabit oluncaya kadar ge\u00e7erlidir.<\/p>\n<p style=\"text-align: justify;\">Dosyadaki bilgi ve belgelerden; davac\u0131lar vekili taraf\u0131ndan &#8230;&#8217;\u0131n T\u00fcrk Medeni Kanunu&#8217;nun 406. maddesi kapsam\u0131nda savurganl\u0131k ve malvarl\u0131\u011f\u0131n\u0131 k\u00f6t\u00fc y\u00f6netme sebebiyle vesayet alt\u0131na al\u0131nma veya ayn\u0131 kanunun 429.maddesi gere\u011fi yasal dan\u0131\u015fman atanmas\u0131 istemiyle 20.02.2015 tarihinde &#8230; 1. Sulh Hukuk Mahkemesine dava a\u00e7\u0131ld\u0131\u011f\u0131, k\u0131s\u0131tlanmas\u0131 istenilen &#8230;&#8217;\u0131n dava tarihi itibari ile mahkemece UYAP \u00fczerinden al\u0131nan n\u00fcfus kayd\u0131 ile adres ara\u015ft\u0131rma formundan yerle\u015fim yerinin &#8220;&#8230; oldu\u011fu, yerle\u015fim yeri adresinin &#8230; Sulh Hukuk Mahkemesinin yarg\u0131 \u00e7evresinde kald\u0131\u011f\u0131, 19.12.2018 tarihinde al\u0131nan yeni n\u00fcfus kayd\u0131na g\u00f6re ise k\u0131s\u0131tlanmas\u0131 istenilenin mernis adresinin &#8220;&#8230;oldu\u011fu, bu adres esas al\u0131narak mahkemece yetkisizlik karar\u0131 verildi\u011fi anla\u015f\u0131lmaktad\u0131r. Her dava a\u00e7\u0131ld\u0131\u011f\u0131 tarihteki \u015fartlara g\u00f6re de\u011ferlendirilir. Yetkili mahkeme belirlenirken de, dava tarihindeki yerle\u015fim yeri esas al\u0131n\u0131r. (HMK mad. 6) Dava tarihinden sonra yarg\u0131lama s\u0131ras\u0131nda k\u0131s\u0131tlanmas\u0131 istenilen ki\u015finin yerle\u015fim yerinin de\u011fi\u015fmesi halinde mahkemece yetkisizlik karar\u0131 verilemez. O halde, yukar\u0131da a\u00e7\u0131klanan yasal d\u00fczenlemeler kar\u015f\u0131s\u0131nda; mahkemece davaya devamla gerekli ara\u015ft\u0131rma ve inceleme yap\u0131l\u0131p t\u00fcm deliller birlikte de\u011ferlendirilerek olu\u015facak sonuca g\u00f6re i\u015fin esas\u0131 hakk\u0131nda bir karar verilmesi gerekirken yerinde olmayan gerek\u00e7e ile yetkisizlik karar\u0131 verilmesi do\u011fru g\u00f6r\u00fclmemi\u015ftir.<\/p>\n<p style=\"text-align: justify;\"><strong>SONU\u00c7:<\/strong> Taraf vekillerinin temyiz itirazlar\u0131n\u0131n kabul\u00fcyle, usul ve yasaya uygun bulunmayan h\u00fckm\u00fcn 6100 say\u0131l\u0131 HMK&#8217;nun Ge\u00e7ici 3.maddesi yollamas\u0131yla 1086 say\u0131l\u0131 HUMK&#8217;un 428. maddesi uyar\u0131nca BOZULMASINA, bozma nedenine g\u00f6re di\u011fer temyiz itirazlar\u0131n\u0131n incelenmesine yer olmad\u0131\u011f\u0131na, HUMK&#8217;nun 440\/III-1, 2, 3 ve 4. bentleri gere\u011fince ilama kar\u015f\u0131 karar d\u00fczeltme yolu kapal\u0131 bulundu\u011funa, pe\u015fin harc\u0131n istek halinde temyiz edenlere iadesine, 26.03.2019 tarihinde oybirli\u011fiyle karar verildi.<\/p>\n<p>[\/vc_column_text][\/vc_column][\/vc_row]<\/p>\n","protected":false},"excerpt":{"rendered":"<p>[vc_row][vc_column][vc_column_text]Yarg\u0131tay 8. Hukuk Dairesi Esas No: 2019\/1565 Karar No: 2019\/3200 \u00d6ZET: Vesayet davas\u0131nda yetkili mahkeme k\u0131s\u0131tl\u0131 aday\u0131n\u0131n davan\u0131n a\u00e7\u0131ld\u0131\u011f\u0131 tarihteki adresine g\u00f6re belirlenir. &#8220;\u0130\u00e7tihat Metni&#8221; MAHKEMES\u0130:<span class=\"excerpt-hellip\"> [\u2026]<\/span><\/p>\n","protected":false},"author":2,"featured_media":0,"comment_status":"open","ping_status":"closed","sticky":false,"template":"","format":"standard","meta":{"footnotes":""},"categories":[6],"tags":[],"class_list":["post-166","post","type-post","status-publish","format-standard","hentry","category-ictihat"],"yoast_head":"<!-- This site is optimized with the Yoast SEO plugin v27.5 - https:\/\/yoast.com\/product\/yoast-seo-wordpress\/ -->\n<title>Vesayet Davas\u0131nda Yetkili Mahkeme K\u0131s\u0131tl\u0131 Aday\u0131n\u0131n Davan\u0131n A\u00e7\u0131ld\u0131\u011f\u0131 Tarihteki Adresine G\u00f6re Belirlenir - Esmeray Hukuk B\u00fcrosu<\/title>\n<meta name=\"description\" content=\"Vesayet davas\u0131nda yetkili mahkeme k\u0131s\u0131tl\u0131 aday\u0131n\u0131n davan\u0131n a\u00e7\u0131ld\u0131\u011f\u0131 tarihteki adresine g\u00f6re belirlenir.\" \/>\n<meta name=\"robots\" content=\"index, follow, max-snippet:-1, max-image-preview:large, max-video-preview:-1\" \/>\n<link rel=\"canonical\" href=\"https:\/\/esmeraylaw.com\/tr\/vesayet-davasinda-yetkili-mahkemenin-kisitli-adayinin-dava-tarihindeki-adresine-gore-belirlenecegi\/\" \/>\n<meta property=\"og:locale\" content=\"tr_TR\" \/>\n<meta property=\"og:type\" content=\"article\" \/>\n<meta property=\"og:title\" content=\"Vesayet Davas\u0131nda Yetkili Mahkeme K\u0131s\u0131tl\u0131 Aday\u0131n\u0131n Davan\u0131n A\u00e7\u0131ld\u0131\u011f\u0131 Tarihteki Adresine G\u00f6re Belirlenir - Esmeray Hukuk B\u00fcrosu\" \/>\n<meta property=\"og:description\" content=\"Vesayet davas\u0131nda yetkili mahkeme k\u0131s\u0131tl\u0131 aday\u0131n\u0131n davan\u0131n a\u00e7\u0131ld\u0131\u011f\u0131 tarihteki adresine g\u00f6re belirlenir.\" \/>\n<meta property=\"og:url\" content=\"https:\/\/esmeraylaw.com\/tr\/vesayet-davasinda-yetkili-mahkemenin-kisitli-adayinin-dava-tarihindeki-adresine-gore-belirlenecegi\/\" \/>\n<meta property=\"og:site_name\" content=\"Esmeray Hukuk B\u00fcrosu\" \/>\n<meta property=\"article:publisher\" content=\"https:\/\/www.facebook.com\/esmeraylaw\" \/>\n<meta property=\"article:published_time\" content=\"2020-11-03T21:12:59+00:00\" \/>\n<meta property=\"article:modified_time\" content=\"2021-02-20T21:08:59+00:00\" \/>\n<meta property=\"og:image\" content=\"https:\/\/esmeraylaw.com\/tr\/wp-content\/uploads\/2020\/09\/logo.jpg\" \/>\n\t<meta property=\"og:image:width\" content=\"122\" \/>\n\t<meta property=\"og:image:height\" content=\"65\" \/>\n\t<meta property=\"og:image:type\" content=\"image\/jpeg\" \/>\n<meta name=\"author\" content=\"Fehmi Esmeray\" \/>\n<meta name=\"twitter:card\" content=\"summary_large_image\" \/>\n<meta name=\"twitter:creator\" content=\"@EsmerayLaw\" \/>\n<meta name=\"twitter:site\" content=\"@EsmerayLaw\" \/>\n<meta name=\"twitter:label1\" content=\"Yazan:\" \/>\n\t<meta name=\"twitter:data1\" content=\"Fehmi Esmeray\" \/>\n\t<meta name=\"twitter:label2\" content=\"Tahmini okuma s\u00fcresi\" \/>\n\t<meta name=\"twitter:data2\" content=\"3 dakika\" \/>\n<script type=\"application\/ld+json\" class=\"yoast-schema-graph\">{\"@context\":\"https:\\\/\\\/schema.org\",\"@graph\":[{\"@type\":\"Article\",\"@id\":\"https:\\\/\\\/esmeraylaw.com\\\/tr\\\/vesayet-davasinda-yetkili-mahkemenin-kisitli-adayinin-dava-tarihindeki-adresine-gore-belirlenecegi\\\/#article\",\"isPartOf\":{\"@id\":\"https:\\\/\\\/esmeraylaw.com\\\/tr\\\/vesayet-davasinda-yetkili-mahkemenin-kisitli-adayinin-dava-tarihindeki-adresine-gore-belirlenecegi\\\/\"},\"author\":{\"name\":\"Fehmi Esmeray\",\"@id\":\"https:\\\/\\\/esmeraylaw.com\\\/tr\\\/#\\\/schema\\\/person\\\/99f6451f0a330c75209277c8c8e674f4\"},\"headline\":\"Vesayet Davas\u0131nda Yetkili Mahkeme K\u0131s\u0131tl\u0131 Aday\u0131n\u0131n Davan\u0131n A\u00e7\u0131ld\u0131\u011f\u0131 Tarihteki Adresine G\u00f6re Belirlenir\",\"datePublished\":\"2020-11-03T21:12:59+00:00\",\"dateModified\":\"2021-02-20T21:08:59+00:00\",\"mainEntityOfPage\":{\"@id\":\"https:\\\/\\\/esmeraylaw.com\\\/tr\\\/vesayet-davasinda-yetkili-mahkemenin-kisitli-adayinin-dava-tarihindeki-adresine-gore-belirlenecegi\\\/\"},\"wordCount\":649,\"commentCount\":0,\"publisher\":{\"@id\":\"https:\\\/\\\/esmeraylaw.com\\\/tr\\\/#organization\"},\"articleSection\":[\"Ictihat\"],\"inLanguage\":\"tr\",\"potentialAction\":[{\"@type\":\"CommentAction\",\"name\":\"Comment\",\"target\":[\"https:\\\/\\\/esmeraylaw.com\\\/tr\\\/vesayet-davasinda-yetkili-mahkemenin-kisitli-adayinin-dava-tarihindeki-adresine-gore-belirlenecegi\\\/#respond\"]}]},{\"@type\":\"WebPage\",\"@id\":\"https:\\\/\\\/esmeraylaw.com\\\/tr\\\/vesayet-davasinda-yetkili-mahkemenin-kisitli-adayinin-dava-tarihindeki-adresine-gore-belirlenecegi\\\/\",\"url\":\"https:\\\/\\\/esmeraylaw.com\\\/tr\\\/vesayet-davasinda-yetkili-mahkemenin-kisitli-adayinin-dava-tarihindeki-adresine-gore-belirlenecegi\\\/\",\"name\":\"Vesayet Davas\u0131nda Yetkili Mahkeme K\u0131s\u0131tl\u0131 Aday\u0131n\u0131n Davan\u0131n A\u00e7\u0131ld\u0131\u011f\u0131 Tarihteki Adresine G\u00f6re Belirlenir - Esmeray Hukuk B\u00fcrosu\",\"isPartOf\":{\"@id\":\"https:\\\/\\\/esmeraylaw.com\\\/tr\\\/#website\"},\"datePublished\":\"2020-11-03T21:12:59+00:00\",\"dateModified\":\"2021-02-20T21:08:59+00:00\",\"description\":\"Vesayet davas\u0131nda yetkili mahkeme k\u0131s\u0131tl\u0131 aday\u0131n\u0131n davan\u0131n a\u00e7\u0131ld\u0131\u011f\u0131 tarihteki adresine g\u00f6re belirlenir.\",\"breadcrumb\":{\"@id\":\"https:\\\/\\\/esmeraylaw.com\\\/tr\\\/vesayet-davasinda-yetkili-mahkemenin-kisitli-adayinin-dava-tarihindeki-adresine-gore-belirlenecegi\\\/#breadcrumb\"},\"inLanguage\":\"tr\",\"potentialAction\":[{\"@type\":\"ReadAction\",\"target\":[\"https:\\\/\\\/esmeraylaw.com\\\/tr\\\/vesayet-davasinda-yetkili-mahkemenin-kisitli-adayinin-dava-tarihindeki-adresine-gore-belirlenecegi\\\/\"]}]},{\"@type\":\"BreadcrumbList\",\"@id\":\"https:\\\/\\\/esmeraylaw.com\\\/tr\\\/vesayet-davasinda-yetkili-mahkemenin-kisitli-adayinin-dava-tarihindeki-adresine-gore-belirlenecegi\\\/#breadcrumb\",\"itemListElement\":[{\"@type\":\"ListItem\",\"position\":1,\"name\":\"Ana sayfa\",\"item\":\"https:\\\/\\\/esmeraylaw.com\\\/tr\\\/\"},{\"@type\":\"ListItem\",\"position\":2,\"name\":\"Vesayet Davas\u0131nda Yetkili Mahkeme K\u0131s\u0131tl\u0131 Aday\u0131n\u0131n Davan\u0131n A\u00e7\u0131ld\u0131\u011f\u0131 Tarihteki Adresine G\u00f6re Belirlenir\"}]},{\"@type\":\"WebSite\",\"@id\":\"https:\\\/\\\/esmeraylaw.com\\\/tr\\\/#website\",\"url\":\"https:\\\/\\\/esmeraylaw.com\\\/tr\\\/\",\"name\":\"Esmeray Hukuk B\u00fcrosu\",\"description\":\"Ticaret Hukuku Avukat\u0131\",\"publisher\":{\"@id\":\"https:\\\/\\\/esmeraylaw.com\\\/tr\\\/#organization\"},\"potentialAction\":[{\"@type\":\"SearchAction\",\"target\":{\"@type\":\"EntryPoint\",\"urlTemplate\":\"https:\\\/\\\/esmeraylaw.com\\\/tr\\\/?s={search_term_string}\"},\"query-input\":{\"@type\":\"PropertyValueSpecification\",\"valueRequired\":true,\"valueName\":\"search_term_string\"}}],\"inLanguage\":\"tr\"},{\"@type\":\"Organization\",\"@id\":\"https:\\\/\\\/esmeraylaw.com\\\/tr\\\/#organization\",\"name\":\"Esmeray Hukuk B\u00fcrosu\",\"url\":\"https:\\\/\\\/esmeraylaw.com\\\/tr\\\/\",\"logo\":{\"@type\":\"ImageObject\",\"inLanguage\":\"tr\",\"@id\":\"https:\\\/\\\/esmeraylaw.com\\\/tr\\\/#\\\/schema\\\/logo\\\/image\\\/\",\"url\":\"https:\\\/\\\/esmeraylaw.com\\\/tr\\\/wp-content\\\/uploads\\\/2020\\\/09\\\/logo.jpg\",\"contentUrl\":\"https:\\\/\\\/esmeraylaw.com\\\/tr\\\/wp-content\\\/uploads\\\/2020\\\/09\\\/logo.jpg\",\"width\":122,\"height\":65,\"caption\":\"Esmeray Hukuk B\u00fcrosu\"},\"image\":{\"@id\":\"https:\\\/\\\/esmeraylaw.com\\\/tr\\\/#\\\/schema\\\/logo\\\/image\\\/\"},\"sameAs\":[\"https:\\\/\\\/www.facebook.com\\\/esmeraylaw\",\"https:\\\/\\\/x.com\\\/EsmerayLaw\",\"https:\\\/\\\/www.instagram.com\\\/esmerayhukukburosu\",\"https:\\\/\\\/www.linkedin.com\\\/in\\\/esmeraylaw\"]},{\"@type\":\"Person\",\"@id\":\"https:\\\/\\\/esmeraylaw.com\\\/tr\\\/#\\\/schema\\\/person\\\/99f6451f0a330c75209277c8c8e674f4\",\"name\":\"Fehmi Esmeray\",\"image\":{\"@type\":\"ImageObject\",\"inLanguage\":\"tr\",\"@id\":\"https:\\\/\\\/secure.gravatar.com\\\/avatar\\\/1146e0f4e56c81d3812c7a51f07c3adc714b2b130ac895b2d8ab9a22d23e10a7?s=96&d=mm&r=g\",\"url\":\"https:\\\/\\\/secure.gravatar.com\\\/avatar\\\/1146e0f4e56c81d3812c7a51f07c3adc714b2b130ac895b2d8ab9a22d23e10a7?s=96&d=mm&r=g\",\"contentUrl\":\"https:\\\/\\\/secure.gravatar.com\\\/avatar\\\/1146e0f4e56c81d3812c7a51f07c3adc714b2b130ac895b2d8ab9a22d23e10a7?s=96&d=mm&r=g\",\"caption\":\"Fehmi Esmeray\"},\"url\":\"https:\\\/\\\/esmeraylaw.com\\\/tr\\\/author\\\/eslaw\\\/\"}]}<\/script>\n<!-- \/ Yoast SEO plugin. -->","yoast_head_json":{"title":"Vesayet Davas\u0131nda Yetkili Mahkeme K\u0131s\u0131tl\u0131 Aday\u0131n\u0131n Davan\u0131n A\u00e7\u0131ld\u0131\u011f\u0131 Tarihteki Adresine G\u00f6re Belirlenir - Esmeray Hukuk B\u00fcrosu","description":"Vesayet davas\u0131nda yetkili mahkeme k\u0131s\u0131tl\u0131 aday\u0131n\u0131n davan\u0131n a\u00e7\u0131ld\u0131\u011f\u0131 tarihteki adresine g\u00f6re belirlenir.","robots":{"index":"index","follow":"follow","max-snippet":"max-snippet:-1","max-image-preview":"max-image-preview:large","max-video-preview":"max-video-preview:-1"},"canonical":"https:\/\/esmeraylaw.com\/tr\/vesayet-davasinda-yetkili-mahkemenin-kisitli-adayinin-dava-tarihindeki-adresine-gore-belirlenecegi\/","og_locale":"tr_TR","og_type":"article","og_title":"Vesayet Davas\u0131nda Yetkili Mahkeme K\u0131s\u0131tl\u0131 Aday\u0131n\u0131n Davan\u0131n A\u00e7\u0131ld\u0131\u011f\u0131 Tarihteki Adresine G\u00f6re Belirlenir - Esmeray Hukuk B\u00fcrosu","og_description":"Vesayet davas\u0131nda yetkili mahkeme k\u0131s\u0131tl\u0131 aday\u0131n\u0131n davan\u0131n a\u00e7\u0131ld\u0131\u011f\u0131 tarihteki adresine g\u00f6re belirlenir.","og_url":"https:\/\/esmeraylaw.com\/tr\/vesayet-davasinda-yetkili-mahkemenin-kisitli-adayinin-dava-tarihindeki-adresine-gore-belirlenecegi\/","og_site_name":"Esmeray Hukuk B\u00fcrosu","article_publisher":"https:\/\/www.facebook.com\/esmeraylaw","article_published_time":"2020-11-03T21:12:59+00:00","article_modified_time":"2021-02-20T21:08:59+00:00","og_image":[{"width":122,"height":65,"url":"https:\/\/esmeraylaw.com\/tr\/wp-content\/uploads\/2020\/09\/logo.jpg","type":"image\/jpeg"}],"author":"Fehmi Esmeray","twitter_card":"summary_large_image","twitter_creator":"@EsmerayLaw","twitter_site":"@EsmerayLaw","twitter_misc":{"Yazan:":"Fehmi Esmeray","Tahmini okuma s\u00fcresi":"3 dakika"},"schema":{"@context":"https:\/\/schema.org","@graph":[{"@type":"Article","@id":"https:\/\/esmeraylaw.com\/tr\/vesayet-davasinda-yetkili-mahkemenin-kisitli-adayinin-dava-tarihindeki-adresine-gore-belirlenecegi\/#article","isPartOf":{"@id":"https:\/\/esmeraylaw.com\/tr\/vesayet-davasinda-yetkili-mahkemenin-kisitli-adayinin-dava-tarihindeki-adresine-gore-belirlenecegi\/"},"author":{"name":"Fehmi Esmeray","@id":"https:\/\/esmeraylaw.com\/tr\/#\/schema\/person\/99f6451f0a330c75209277c8c8e674f4"},"headline":"Vesayet Davas\u0131nda Yetkili Mahkeme K\u0131s\u0131tl\u0131 Aday\u0131n\u0131n Davan\u0131n A\u00e7\u0131ld\u0131\u011f\u0131 Tarihteki Adresine G\u00f6re Belirlenir","datePublished":"2020-11-03T21:12:59+00:00","dateModified":"2021-02-20T21:08:59+00:00","mainEntityOfPage":{"@id":"https:\/\/esmeraylaw.com\/tr\/vesayet-davasinda-yetkili-mahkemenin-kisitli-adayinin-dava-tarihindeki-adresine-gore-belirlenecegi\/"},"wordCount":649,"commentCount":0,"publisher":{"@id":"https:\/\/esmeraylaw.com\/tr\/#organization"},"articleSection":["Ictihat"],"inLanguage":"tr","potentialAction":[{"@type":"CommentAction","name":"Comment","target":["https:\/\/esmeraylaw.com\/tr\/vesayet-davasinda-yetkili-mahkemenin-kisitli-adayinin-dava-tarihindeki-adresine-gore-belirlenecegi\/#respond"]}]},{"@type":"WebPage","@id":"https:\/\/esmeraylaw.com\/tr\/vesayet-davasinda-yetkili-mahkemenin-kisitli-adayinin-dava-tarihindeki-adresine-gore-belirlenecegi\/","url":"https:\/\/esmeraylaw.com\/tr\/vesayet-davasinda-yetkili-mahkemenin-kisitli-adayinin-dava-tarihindeki-adresine-gore-belirlenecegi\/","name":"Vesayet Davas\u0131nda Yetkili Mahkeme K\u0131s\u0131tl\u0131 Aday\u0131n\u0131n Davan\u0131n A\u00e7\u0131ld\u0131\u011f\u0131 Tarihteki Adresine G\u00f6re Belirlenir - Esmeray Hukuk B\u00fcrosu","isPartOf":{"@id":"https:\/\/esmeraylaw.com\/tr\/#website"},"datePublished":"2020-11-03T21:12:59+00:00","dateModified":"2021-02-20T21:08:59+00:00","description":"Vesayet davas\u0131nda yetkili mahkeme k\u0131s\u0131tl\u0131 aday\u0131n\u0131n davan\u0131n a\u00e7\u0131ld\u0131\u011f\u0131 tarihteki adresine g\u00f6re belirlenir.","breadcrumb":{"@id":"https:\/\/esmeraylaw.com\/tr\/vesayet-davasinda-yetkili-mahkemenin-kisitli-adayinin-dava-tarihindeki-adresine-gore-belirlenecegi\/#breadcrumb"},"inLanguage":"tr","potentialAction":[{"@type":"ReadAction","target":["https:\/\/esmeraylaw.com\/tr\/vesayet-davasinda-yetkili-mahkemenin-kisitli-adayinin-dava-tarihindeki-adresine-gore-belirlenecegi\/"]}]},{"@type":"BreadcrumbList","@id":"https:\/\/esmeraylaw.com\/tr\/vesayet-davasinda-yetkili-mahkemenin-kisitli-adayinin-dava-tarihindeki-adresine-gore-belirlenecegi\/#breadcrumb","itemListElement":[{"@type":"ListItem","position":1,"name":"Ana sayfa","item":"https:\/\/esmeraylaw.com\/tr\/"},{"@type":"ListItem","position":2,"name":"Vesayet Davas\u0131nda Yetkili Mahkeme K\u0131s\u0131tl\u0131 Aday\u0131n\u0131n Davan\u0131n A\u00e7\u0131ld\u0131\u011f\u0131 Tarihteki Adresine G\u00f6re Belirlenir"}]},{"@type":"WebSite","@id":"https:\/\/esmeraylaw.com\/tr\/#website","url":"https:\/\/esmeraylaw.com\/tr\/","name":"Esmeray Hukuk B\u00fcrosu","description":"Ticaret Hukuku Avukat\u0131","publisher":{"@id":"https:\/\/esmeraylaw.com\/tr\/#organization"},"potentialAction":[{"@type":"SearchAction","target":{"@type":"EntryPoint","urlTemplate":"https:\/\/esmeraylaw.com\/tr\/?s={search_term_string}"},"query-input":{"@type":"PropertyValueSpecification","valueRequired":true,"valueName":"search_term_string"}}],"inLanguage":"tr"},{"@type":"Organization","@id":"https:\/\/esmeraylaw.com\/tr\/#organization","name":"Esmeray Hukuk B\u00fcrosu","url":"https:\/\/esmeraylaw.com\/tr\/","logo":{"@type":"ImageObject","inLanguage":"tr","@id":"https:\/\/esmeraylaw.com\/tr\/#\/schema\/logo\/image\/","url":"https:\/\/esmeraylaw.com\/tr\/wp-content\/uploads\/2020\/09\/logo.jpg","contentUrl":"https:\/\/esmeraylaw.com\/tr\/wp-content\/uploads\/2020\/09\/logo.jpg","width":122,"height":65,"caption":"Esmeray Hukuk B\u00fcrosu"},"image":{"@id":"https:\/\/esmeraylaw.com\/tr\/#\/schema\/logo\/image\/"},"sameAs":["https:\/\/www.facebook.com\/esmeraylaw","https:\/\/x.com\/EsmerayLaw","https:\/\/www.instagram.com\/esmerayhukukburosu","https:\/\/www.linkedin.com\/in\/esmeraylaw"]},{"@type":"Person","@id":"https:\/\/esmeraylaw.com\/tr\/#\/schema\/person\/99f6451f0a330c75209277c8c8e674f4","name":"Fehmi Esmeray","image":{"@type":"ImageObject","inLanguage":"tr","@id":"https:\/\/secure.gravatar.com\/avatar\/1146e0f4e56c81d3812c7a51f07c3adc714b2b130ac895b2d8ab9a22d23e10a7?s=96&d=mm&r=g","url":"https:\/\/secure.gravatar.com\/avatar\/1146e0f4e56c81d3812c7a51f07c3adc714b2b130ac895b2d8ab9a22d23e10a7?s=96&d=mm&r=g","contentUrl":"https:\/\/secure.gravatar.com\/avatar\/1146e0f4e56c81d3812c7a51f07c3adc714b2b130ac895b2d8ab9a22d23e10a7?s=96&d=mm&r=g","caption":"Fehmi Esmeray"},"url":"https:\/\/esmeraylaw.com\/tr\/author\/eslaw\/"}]}},"_links":{"self":[{"href":"https:\/\/esmeraylaw.com\/tr\/wp-json\/wp\/v2\/posts\/166","targetHints":{"allow":["GET"]}}],"collection":[{"href":"https:\/\/esmeraylaw.com\/tr\/wp-json\/wp\/v2\/posts"}],"about":[{"href":"https:\/\/esmeraylaw.com\/tr\/wp-json\/wp\/v2\/types\/post"}],"author":[{"embeddable":true,"href":"https:\/\/esmeraylaw.com\/tr\/wp-json\/wp\/v2\/users\/2"}],"replies":[{"embeddable":true,"href":"https:\/\/esmeraylaw.com\/tr\/wp-json\/wp\/v2\/comments?post=166"}],"version-history":[{"count":0,"href":"https:\/\/esmeraylaw.com\/tr\/wp-json\/wp\/v2\/posts\/166\/revisions"}],"wp:attachment":[{"href":"https:\/\/esmeraylaw.com\/tr\/wp-json\/wp\/v2\/media?parent=166"}],"wp:term":[{"taxonomy":"category","embeddable":true,"href":"https:\/\/esmeraylaw.com\/tr\/wp-json\/wp\/v2\/categories?post=166"},{"taxonomy":"post_tag","embeddable":true,"href":"https:\/\/esmeraylaw.com\/tr\/wp-json\/wp\/v2\/tags?post=166"}],"curies":[{"name":"wp","href":"https:\/\/api.w.org\/{rel}","templated":true}]}}