{"id":193,"date":"2021-06-19T01:05:39","date_gmt":"2021-06-18T22:05:39","guid":{"rendered":"https:\/\/esmeraylaw.com\/tr\/?p=193"},"modified":"2021-06-19T01:05:39","modified_gmt":"2021-06-18T22:05:39","slug":"saglik-kurulu-raporunda-bipolar-kisiye-vasi-atanmasi-celiskili-ise-adli-tip-kurumundan-rapor-al","status":"publish","type":"post","link":"https:\/\/esmeraylaw.com\/tr\/saglik-kurulu-raporunda-bipolar-kisiye-vasi-atanmasi-celiskili-ise-adli-tip-kurumundan-rapor-al\/","title":{"rendered":"Sa\u011fl\u0131k Kurulu Raporlar\u0131nda Bipolar Hastas\u0131 Ki\u015fiye Vasi Atanmas\u0131n\u0131n Gerekip Gerekmedi\u011fi \u00c7eli\u015fkili \u0130se Adli T\u0131p Kurumundan Rapor Al\u0131nmal\u0131d\u0131r."},"content":{"rendered":"<p>[vc_row][vc_column][vc_column_text]<strong>2. Hukuk Dairesi Karar\u0131<\/strong><\/p>\n<p><strong>Esas No: 2017\/6699<\/strong><\/p>\n<p><strong>Karar No: 2018\/12208<\/strong><\/p>\n<p style=\"text-align: justify;\"><strong>\u00d6ZET: <\/strong>Bipolar daval\u0131 ile ilgili olarak her ne kadar sa\u011fl\u0131k kurulu raporunda daval\u0131n\u0131n halihaz\u0131rda hastal\u0131\u011f\u0131n\u0131n aktif d\u00f6neminde olmay\u0131p k\u0131smi remisyon halinde oldu\u011fu, mevcut hali ile hastaya vasi atanmas\u0131n\u0131n gerekmedi\u011fi belirtilmekte ise de, kad\u0131n\u0131n \u00e7ok uzun s\u00fcredir kronik bipolar affektif bozukluk hastas\u0131 oldu\u011fu, zaman zaman yatarak da tedavilerinin devam etti\u011fi ve atak d\u00f6nemlerinde vasi tayini gerekebilece\u011fi y\u00f6n\u00fcndeki m\u00fctalaalar da dikkate al\u0131nd\u0131\u011f\u0131nda bahsi ge\u00e7en kurul raporunun daval\u0131 kad\u0131n\u0131n fiil ehliyetinin bulunup bulunmad\u0131\u011f\u0131 konusunda yeterli ve h\u00fck\u00fcm kurmaya elveri\u015fli olmad\u0131\u011f\u0131 anla\u015f\u0131ld\u0131\u011f\u0131ndan, mahkemece yap\u0131lmas\u0131 gereken, t\u00fcm tedavi kay\u0131tlar\u0131 ile birlikte eldeki dava dosyas\u0131n\u0131n, al\u0131nan t\u00fcm sa\u011fl\u0131k kurul raporlar\u0131 hep birlikte Adli T\u0131p Kurumuna g\u00f6nderilerek, Adli T\u0131p Genel Kurulundan g\u00f6r\u00fc\u015f al\u0131nmak suretiyle olu\u015facak sonucuna g\u00f6re bir karar verilmesidir.\u00a0<strong>\u00a0<\/strong><\/p>\n<p><strong>&#8220;\u0130\u00e7tihat Metni&#8221;<\/strong><\/p>\n<p><strong>MAHKEMES\u0130<\/strong>: Aile Mahkemesi<\/p>\n<p><strong>DAVA T\u00dcR\u00dc: <\/strong>Bo\u015fanma<\/p>\n<p style=\"text-align: justify;\">Taraflar aras\u0131ndaki davan\u0131n yap\u0131lan muhakemesi sonunda mahalli mahkemece verilen, yukar\u0131da tarihi ve numaras\u0131 g\u00f6sterilen h\u00fck\u00fcm daval\u0131 kad\u0131n taraf\u0131ndan temyiz edilmekle, evrak okunup gere\u011fi g\u00f6r\u00fc\u015f\u00fcl\u00fcp d\u00fc\u015f\u00fcn\u00fcld\u00fc:<\/p>\n<p style=\"text-align: justify;\">Davada, daval\u0131 kad\u0131n\u0131n ruhsal rahats\u0131zl\u0131\u011f\u0131 ileri s\u00fcr\u00fclm\u00fc\u015f ve bu iddia dosya aras\u0131ndaki bir k\u0131s\u0131m delille de do\u011frulanm\u0131\u015ft\u0131r. Bu nedenle, mahkemece verilen 18.06.2015 tarihli ilk h\u00fck\u00fcm Dairemizin 2015\/20823 esas, 2016\/14321 karar say\u0131l\u0131 ilam\u0131 ile &#8220;daval\u0131 kad\u0131n\u0131n vesayet alt\u0131na al\u0131nmas\u0131n\u0131n gerekip gerekmedi\u011finin ara\u015ft\u0131r\u0131lmas\u0131, taraf ve dava ehliyeti y\u00f6n\u00fcnden bu durumun \u00f6n sorun say\u0131larak yarg\u0131laman\u0131n bekletilmesi&#8221; gerekti\u011finden bahisle bozulmu\u015ftur. Mahkemece bozma ilam\u0131na uyularak yap\u0131lan yarg\u0131lamada, daval\u0131 kad\u0131n hakk\u0131nda ald\u0131r\u0131lan &#8230; Devlet Hastanesinin 23.02.2017 tarih ve 11.41 nolu sa\u011fl\u0131k kurulu raporunda &#8220;hastan\u0131n yakla\u015f\u0131k 18 y\u0131ld\u0131r bipolar affektif bozukluk tan\u0131s\u0131 ile takip ve tedavisinin devam etti\u011fi, zaman zaman yat\u0131\u015flar\u0131n\u0131n oldu\u011fu, bu hastal\u0131\u011f\u0131n ataklarla seyreden kronik bir hastal\u0131k olup, hastal\u0131\u011f\u0131n atak d\u00f6nemlerinde hastaya k\u0131sa s\u00fcreli vasi tayini gerekebilece\u011fi, hastan\u0131n \u015fu an hastal\u0131\u011f\u0131n aktif d\u00f6neminde olmay\u0131p k\u0131smi remisyon halinin s\u00fcrd\u00fc\u011f\u00fc, mevcut hali ile hastaya vasi atanmas\u0131n\u0131n gerekmedi\u011fi, mahkemece dinlenilmesinde fayda bulundu\u011fu&#8221; y\u00f6n\u00fcnde g\u00f6r\u00fc\u015f m\u00fctalaa edilmi\u015f, bunun \u00fczerine mahkemece yarg\u0131lamaya devamla i\u015fin esas\u0131 hakk\u0131nda h\u00fck\u00fcm kurulmu\u015ftur.<\/p>\n<p style=\"text-align: justify;\">Dava ve taraf ehliyeti kamu d\u00fczenine ili\u015fkin olup, mahkemelerce do\u011frudan do\u011fruya (resen) g\u00f6z\u00f6n\u00fcnde tutulur. Her ne kadar mahkemece bozmaya uyularak yap\u0131lan yarg\u0131lamada &#8230; Devlet Hastanesinden daval\u0131 hakk\u0131nda vesayet alt\u0131na al\u0131nmas\u0131n\u0131n gerekip gerekmedi\u011fine y\u00f6nelik kurul raporu ald\u0131r\u0131lm\u0131\u015f ise de raporda da belirtildi\u011fi \u00fczere kad\u0131n\u0131n \u00e7ok uzun s\u00fcredir kronik bipolar affektif bozukluk hastas\u0131 oldu\u011fu, zaman zaman yatarak da tedavilerinin devam etti\u011fi ve atak d\u00f6nemlerinde vasi tayini gerekebilece\u011fi y\u00f6n\u00fcndeki m\u00fctalaalar da dikkate al\u0131nd\u0131\u011f\u0131nda bahsi ge\u00e7en kurul raporunun daval\u0131 kad\u0131n\u0131n fiil ehliyetinin bulunup bulunmad\u0131\u011f\u0131 konusunda yeterli ve h\u00fck\u00fcm kurmaya elveri\u015fli olmad\u0131\u011f\u0131 anla\u015f\u0131lmaktad\u0131r.<\/p>\n<p style=\"text-align: justify;\">Bu durumda dosyada toplanan t\u00fcm deliller bir k\u00fcl halinde de\u011ferlendirildi\u011finde, daval\u0131 kad\u0131n\u0131n vesayet alt\u0131na al\u0131nmas\u0131n\u0131 gerektirecek bir rahats\u0131zl\u0131\u011f\u0131n\u0131n olup olmad\u0131\u011f\u0131n\u0131n tekrardan ara\u015ft\u0131r\u0131lmas\u0131 gerekmi\u015ftir. O halde mahkemece, daval\u0131 kad\u0131n ad\u0131na olan t\u00fcm tedavi kay\u0131tlar\u0131 ile birlikte eldeki dava dosyas\u0131, al\u0131nan t\u00fcm sa\u011fl\u0131k kurul raporlar\u0131 hep birlikte Adli T\u0131p Kurumuna g\u00f6nderilerek, Adli T\u0131p Genel Kurulundan g\u00f6r\u00fc\u015f al\u0131nmak suretiyle olu\u015facak sonucuna g\u00f6re bir karar verilmek \u00fczere h\u00fckm\u00fcn bozulmas\u0131na karar vermek gerekmi\u015ftir.<\/p>\n<p style=\"text-align: justify;\"><strong>SONU\u00c7:<\/strong> Temyiz edilen h\u00fckm\u00fcn yukar\u0131da g\u00f6sterilen sebeple BOZULMASINA, bozma sebebine g\u00f6re di\u011fer b\u00f6l\u00fcmlerin \u015fimdilik incelenmesine yer olmad\u0131\u011f\u0131na, temyiz pe\u015fin harc\u0131n\u0131n istek halinde yat\u0131rana geri verilmesine, i\u015fbu karar\u0131n tebli\u011finden itibaren 15 g\u00fcn i\u00e7inde karar d\u00fczeltme yolu a\u00e7\u0131k olmak \u00fczere oybirli\u011fiyle karar verildi.31.10.2018<\/p>\n<p>[\/vc_column_text][\/vc_column][\/vc_row]<\/p>\n","protected":false},"excerpt":{"rendered":"<p>[vc_row][vc_column][vc_column_text]2. Hukuk Dairesi Karar\u0131 Esas No: 2017\/6699 Karar No: 2018\/12208 \u00d6ZET: Bipolar daval\u0131 ile ilgili olarak her ne kadar sa\u011fl\u0131k kurulu raporunda daval\u0131n\u0131n halihaz\u0131rda hastal\u0131\u011f\u0131n\u0131n aktif<span class=\"excerpt-hellip\"> [\u2026]<\/span><\/p>\n","protected":false},"author":2,"featured_media":0,"comment_status":"open","ping_status":"closed","sticky":false,"template":"","format":"standard","meta":{"footnotes":""},"categories":[6],"tags":[],"class_list":["post-193","post","type-post","status-publish","format-standard","hentry","category-ictihat"],"yoast_head":"<!-- This site is optimized with the Yoast SEO plugin v27.5 - https:\/\/yoast.com\/product\/yoast-seo-wordpress\/ -->\n<title>Sa\u011fl\u0131k Kurulu Raporlar\u0131nda Bipolar Hastas\u0131 Ki\u015fiye Vasi Atanmas\u0131n\u0131n Gerekip Gerekmedi\u011fi \u00c7eli\u015fkili \u0130se Adli T\u0131p Kurumundan Rapor Al\u0131nmal\u0131d\u0131r. - Esmeray Hukuk B\u00fcrosu<\/title>\n<meta name=\"description\" content=\"Bipolar daval\u0131 ile ilgili olarak her ne kadar sa\u011fl\u0131k kurulu raporunda daval\u0131n\u0131n halihaz\u0131rda hastal\u0131\u011f\u0131n\u0131n aktif d\u00f6neminde olmay\u0131p k\u0131smi remisyon halinde oldu\u011fu, mevcut hali ile hastaya vasi atanmas\u0131n\u0131n gerekmedi\u011fi belirtilmekte ise de, kad\u0131n\u0131n \u00e7ok uzun s\u00fcredir kronik bipolar affektif bozukluk hastas\u0131 oldu\u011fu, zaman zaman yatarak da tedavilerinin devam etti\u011fi ve atak d\u00f6nemlerinde vasi tayini gerekebilece\u011fi y\u00f6n\u00fcndeki m\u00fctalaalar da dikkate al\u0131nd\u0131\u011f\u0131nda bahsi ge\u00e7en kurul raporunun daval\u0131 kad\u0131n\u0131n fiil ehliyetinin bulunup bulunmad\u0131\u011f\u0131 konusunda yeterli ve h\u00fck\u00fcm kurmaya elveri\u015fli olmad\u0131\u011f\u0131 anla\u015f\u0131ld\u0131\u011f\u0131ndan, mahkemece yap\u0131lmas\u0131 gereken, t\u00fcm tedavi kay\u0131tlar\u0131 ile birlikte eldeki dava dosyas\u0131n\u0131n, al\u0131nan t\u00fcm sa\u011fl\u0131k kurul raporlar\u0131 hep birlikte Adli T\u0131p Kurumuna g\u00f6nderilerek, Adli T\u0131p Genel Kurulundan g\u00f6r\u00fc\u015f al\u0131nmakt\u0131r.\" \/>\n<meta name=\"robots\" content=\"index, follow, max-snippet:-1, max-image-preview:large, max-video-preview:-1\" \/>\n<link rel=\"canonical\" href=\"https:\/\/esmeraylaw.com\/tr\/saglik-kurulu-raporunda-bipolar-kisiye-vasi-atanmasi-celiskili-ise-adli-tip-kurumundan-rapor-al\/\" \/>\n<meta property=\"og:locale\" content=\"tr_TR\" \/>\n<meta property=\"og:type\" content=\"article\" \/>\n<meta property=\"og:title\" content=\"Sa\u011fl\u0131k Kurulu Raporlar\u0131nda Bipolar Hastas\u0131 Ki\u015fiye Vasi Atanmas\u0131n\u0131n Gerekip Gerekmedi\u011fi \u00c7eli\u015fkili \u0130se Adli T\u0131p Kurumundan Rapor Al\u0131nmal\u0131d\u0131r. - Esmeray Hukuk B\u00fcrosu\" \/>\n<meta property=\"og:description\" content=\"Bipolar daval\u0131 ile ilgili olarak her ne kadar sa\u011fl\u0131k kurulu raporunda daval\u0131n\u0131n halihaz\u0131rda hastal\u0131\u011f\u0131n\u0131n aktif d\u00f6neminde olmay\u0131p k\u0131smi remisyon halinde oldu\u011fu, mevcut hali ile hastaya vasi atanmas\u0131n\u0131n gerekmedi\u011fi belirtilmekte ise de, kad\u0131n\u0131n \u00e7ok uzun s\u00fcredir kronik bipolar affektif bozukluk hastas\u0131 oldu\u011fu, zaman zaman yatarak da tedavilerinin devam etti\u011fi ve atak d\u00f6nemlerinde vasi tayini gerekebilece\u011fi y\u00f6n\u00fcndeki m\u00fctalaalar da dikkate al\u0131nd\u0131\u011f\u0131nda bahsi ge\u00e7en kurul raporunun daval\u0131 kad\u0131n\u0131n fiil ehliyetinin bulunup bulunmad\u0131\u011f\u0131 konusunda yeterli ve h\u00fck\u00fcm kurmaya elveri\u015fli olmad\u0131\u011f\u0131 anla\u015f\u0131ld\u0131\u011f\u0131ndan, mahkemece yap\u0131lmas\u0131 gereken, t\u00fcm tedavi kay\u0131tlar\u0131 ile birlikte eldeki dava dosyas\u0131n\u0131n, al\u0131nan t\u00fcm sa\u011fl\u0131k kurul raporlar\u0131 hep birlikte Adli T\u0131p Kurumuna g\u00f6nderilerek, Adli T\u0131p Genel Kurulundan g\u00f6r\u00fc\u015f al\u0131nmakt\u0131r.\" \/>\n<meta property=\"og:url\" content=\"https:\/\/esmeraylaw.com\/tr\/saglik-kurulu-raporunda-bipolar-kisiye-vasi-atanmasi-celiskili-ise-adli-tip-kurumundan-rapor-al\/\" \/>\n<meta property=\"og:site_name\" content=\"Esmeray Hukuk B\u00fcrosu\" \/>\n<meta property=\"article:publisher\" content=\"https:\/\/www.facebook.com\/esmeraylaw\" \/>\n<meta property=\"article:published_time\" content=\"2021-06-18T22:05:39+00:00\" \/>\n<meta property=\"og:image\" content=\"https:\/\/esmeraylaw.com\/tr\/wp-content\/uploads\/2020\/09\/logo.jpg\" \/>\n\t<meta property=\"og:image:width\" content=\"122\" \/>\n\t<meta property=\"og:image:height\" content=\"65\" \/>\n\t<meta property=\"og:image:type\" content=\"image\/jpeg\" \/>\n<meta name=\"author\" content=\"Fehmi Esmeray\" \/>\n<meta name=\"twitter:card\" content=\"summary_large_image\" \/>\n<meta name=\"twitter:creator\" content=\"@EsmerayLaw\" \/>\n<meta name=\"twitter:site\" content=\"@EsmerayLaw\" \/>\n<meta name=\"twitter:label1\" content=\"Yazan:\" \/>\n\t<meta name=\"twitter:data1\" content=\"Fehmi Esmeray\" \/>\n\t<meta name=\"twitter:label2\" content=\"Tahmini okuma s\u00fcresi\" \/>\n\t<meta name=\"twitter:data2\" content=\"3 dakika\" \/>\n<script type=\"application\/ld+json\" class=\"yoast-schema-graph\">{\"@context\":\"https:\\\/\\\/schema.org\",\"@graph\":[{\"@type\":\"Article\",\"@id\":\"https:\\\/\\\/esmeraylaw.com\\\/tr\\\/saglik-kurulu-raporunda-bipolar-kisiye-vasi-atanmasi-celiskili-ise-adli-tip-kurumundan-rapor-al\\\/#article\",\"isPartOf\":{\"@id\":\"https:\\\/\\\/esmeraylaw.com\\\/tr\\\/saglik-kurulu-raporunda-bipolar-kisiye-vasi-atanmasi-celiskili-ise-adli-tip-kurumundan-rapor-al\\\/\"},\"author\":{\"name\":\"Fehmi Esmeray\",\"@id\":\"https:\\\/\\\/esmeraylaw.com\\\/tr\\\/#\\\/schema\\\/person\\\/99f6451f0a330c75209277c8c8e674f4\"},\"headline\":\"Sa\u011fl\u0131k Kurulu Raporlar\u0131nda Bipolar Hastas\u0131 Ki\u015fiye Vasi Atanmas\u0131n\u0131n Gerekip Gerekmedi\u011fi \u00c7eli\u015fkili \u0130se Adli T\u0131p Kurumundan Rapor Al\u0131nmal\u0131d\u0131r.\",\"datePublished\":\"2021-06-18T22:05:39+00:00\",\"mainEntityOfPage\":{\"@id\":\"https:\\\/\\\/esmeraylaw.com\\\/tr\\\/saglik-kurulu-raporunda-bipolar-kisiye-vasi-atanmasi-celiskili-ise-adli-tip-kurumundan-rapor-al\\\/\"},\"wordCount\":773,\"commentCount\":0,\"publisher\":{\"@id\":\"https:\\\/\\\/esmeraylaw.com\\\/tr\\\/#organization\"},\"articleSection\":[\"Ictihat\"],\"inLanguage\":\"tr\",\"potentialAction\":[{\"@type\":\"CommentAction\",\"name\":\"Comment\",\"target\":[\"https:\\\/\\\/esmeraylaw.com\\\/tr\\\/saglik-kurulu-raporunda-bipolar-kisiye-vasi-atanmasi-celiskili-ise-adli-tip-kurumundan-rapor-al\\\/#respond\"]}]},{\"@type\":\"WebPage\",\"@id\":\"https:\\\/\\\/esmeraylaw.com\\\/tr\\\/saglik-kurulu-raporunda-bipolar-kisiye-vasi-atanmasi-celiskili-ise-adli-tip-kurumundan-rapor-al\\\/\",\"url\":\"https:\\\/\\\/esmeraylaw.com\\\/tr\\\/saglik-kurulu-raporunda-bipolar-kisiye-vasi-atanmasi-celiskili-ise-adli-tip-kurumundan-rapor-al\\\/\",\"name\":\"Sa\u011fl\u0131k Kurulu Raporlar\u0131nda Bipolar Hastas\u0131 Ki\u015fiye Vasi Atanmas\u0131n\u0131n Gerekip Gerekmedi\u011fi \u00c7eli\u015fkili \u0130se Adli T\u0131p Kurumundan Rapor Al\u0131nmal\u0131d\u0131r. - Esmeray Hukuk B\u00fcrosu\",\"isPartOf\":{\"@id\":\"https:\\\/\\\/esmeraylaw.com\\\/tr\\\/#website\"},\"datePublished\":\"2021-06-18T22:05:39+00:00\",\"description\":\"Bipolar daval\u0131 ile ilgili olarak her ne kadar sa\u011fl\u0131k kurulu raporunda daval\u0131n\u0131n halihaz\u0131rda hastal\u0131\u011f\u0131n\u0131n aktif d\u00f6neminde olmay\u0131p k\u0131smi remisyon halinde oldu\u011fu, mevcut hali ile hastaya vasi atanmas\u0131n\u0131n gerekmedi\u011fi belirtilmekte ise de, kad\u0131n\u0131n \u00e7ok uzun s\u00fcredir kronik bipolar affektif bozukluk hastas\u0131 oldu\u011fu, zaman zaman yatarak da tedavilerinin devam etti\u011fi ve atak d\u00f6nemlerinde vasi tayini gerekebilece\u011fi y\u00f6n\u00fcndeki m\u00fctalaalar da dikkate al\u0131nd\u0131\u011f\u0131nda bahsi ge\u00e7en kurul raporunun daval\u0131 kad\u0131n\u0131n fiil ehliyetinin bulunup bulunmad\u0131\u011f\u0131 konusunda yeterli ve h\u00fck\u00fcm kurmaya elveri\u015fli olmad\u0131\u011f\u0131 anla\u015f\u0131ld\u0131\u011f\u0131ndan, mahkemece yap\u0131lmas\u0131 gereken, t\u00fcm tedavi kay\u0131tlar\u0131 ile birlikte eldeki dava dosyas\u0131n\u0131n, al\u0131nan t\u00fcm sa\u011fl\u0131k kurul raporlar\u0131 hep birlikte Adli T\u0131p Kurumuna g\u00f6nderilerek, Adli T\u0131p Genel Kurulundan g\u00f6r\u00fc\u015f al\u0131nmakt\u0131r.\",\"breadcrumb\":{\"@id\":\"https:\\\/\\\/esmeraylaw.com\\\/tr\\\/saglik-kurulu-raporunda-bipolar-kisiye-vasi-atanmasi-celiskili-ise-adli-tip-kurumundan-rapor-al\\\/#breadcrumb\"},\"inLanguage\":\"tr\",\"potentialAction\":[{\"@type\":\"ReadAction\",\"target\":[\"https:\\\/\\\/esmeraylaw.com\\\/tr\\\/saglik-kurulu-raporunda-bipolar-kisiye-vasi-atanmasi-celiskili-ise-adli-tip-kurumundan-rapor-al\\\/\"]}]},{\"@type\":\"BreadcrumbList\",\"@id\":\"https:\\\/\\\/esmeraylaw.com\\\/tr\\\/saglik-kurulu-raporunda-bipolar-kisiye-vasi-atanmasi-celiskili-ise-adli-tip-kurumundan-rapor-al\\\/#breadcrumb\",\"itemListElement\":[{\"@type\":\"ListItem\",\"position\":1,\"name\":\"Ana sayfa\",\"item\":\"https:\\\/\\\/esmeraylaw.com\\\/tr\\\/\"},{\"@type\":\"ListItem\",\"position\":2,\"name\":\"Sa\u011fl\u0131k Kurulu Raporlar\u0131nda Bipolar Hastas\u0131 Ki\u015fiye Vasi Atanmas\u0131n\u0131n Gerekip Gerekmedi\u011fi \u00c7eli\u015fkili \u0130se Adli T\u0131p Kurumundan Rapor Al\u0131nmal\u0131d\u0131r.\"}]},{\"@type\":\"WebSite\",\"@id\":\"https:\\\/\\\/esmeraylaw.com\\\/tr\\\/#website\",\"url\":\"https:\\\/\\\/esmeraylaw.com\\\/tr\\\/\",\"name\":\"Esmeray Hukuk B\u00fcrosu\",\"description\":\"Ticaret Hukuku Avukat\u0131\",\"publisher\":{\"@id\":\"https:\\\/\\\/esmeraylaw.com\\\/tr\\\/#organization\"},\"potentialAction\":[{\"@type\":\"SearchAction\",\"target\":{\"@type\":\"EntryPoint\",\"urlTemplate\":\"https:\\\/\\\/esmeraylaw.com\\\/tr\\\/?s={search_term_string}\"},\"query-input\":{\"@type\":\"PropertyValueSpecification\",\"valueRequired\":true,\"valueName\":\"search_term_string\"}}],\"inLanguage\":\"tr\"},{\"@type\":\"Organization\",\"@id\":\"https:\\\/\\\/esmeraylaw.com\\\/tr\\\/#organization\",\"name\":\"Esmeray Hukuk B\u00fcrosu\",\"url\":\"https:\\\/\\\/esmeraylaw.com\\\/tr\\\/\",\"logo\":{\"@type\":\"ImageObject\",\"inLanguage\":\"tr\",\"@id\":\"https:\\\/\\\/esmeraylaw.com\\\/tr\\\/#\\\/schema\\\/logo\\\/image\\\/\",\"url\":\"https:\\\/\\\/esmeraylaw.com\\\/tr\\\/wp-content\\\/uploads\\\/2020\\\/09\\\/logo.jpg\",\"contentUrl\":\"https:\\\/\\\/esmeraylaw.com\\\/tr\\\/wp-content\\\/uploads\\\/2020\\\/09\\\/logo.jpg\",\"width\":122,\"height\":65,\"caption\":\"Esmeray Hukuk B\u00fcrosu\"},\"image\":{\"@id\":\"https:\\\/\\\/esmeraylaw.com\\\/tr\\\/#\\\/schema\\\/logo\\\/image\\\/\"},\"sameAs\":[\"https:\\\/\\\/www.facebook.com\\\/esmeraylaw\",\"https:\\\/\\\/x.com\\\/EsmerayLaw\",\"https:\\\/\\\/www.instagram.com\\\/esmerayhukukburosu\",\"https:\\\/\\\/www.linkedin.com\\\/in\\\/esmeraylaw\"]},{\"@type\":\"Person\",\"@id\":\"https:\\\/\\\/esmeraylaw.com\\\/tr\\\/#\\\/schema\\\/person\\\/99f6451f0a330c75209277c8c8e674f4\",\"name\":\"Fehmi Esmeray\",\"image\":{\"@type\":\"ImageObject\",\"inLanguage\":\"tr\",\"@id\":\"https:\\\/\\\/secure.gravatar.com\\\/avatar\\\/1146e0f4e56c81d3812c7a51f07c3adc714b2b130ac895b2d8ab9a22d23e10a7?s=96&d=mm&r=g\",\"url\":\"https:\\\/\\\/secure.gravatar.com\\\/avatar\\\/1146e0f4e56c81d3812c7a51f07c3adc714b2b130ac895b2d8ab9a22d23e10a7?s=96&d=mm&r=g\",\"contentUrl\":\"https:\\\/\\\/secure.gravatar.com\\\/avatar\\\/1146e0f4e56c81d3812c7a51f07c3adc714b2b130ac895b2d8ab9a22d23e10a7?s=96&d=mm&r=g\",\"caption\":\"Fehmi Esmeray\"},\"url\":\"https:\\\/\\\/esmeraylaw.com\\\/tr\\\/author\\\/eslaw\\\/\"}]}<\/script>\n<!-- \/ Yoast SEO plugin. -->","yoast_head_json":{"title":"Sa\u011fl\u0131k Kurulu Raporlar\u0131nda Bipolar Hastas\u0131 Ki\u015fiye Vasi Atanmas\u0131n\u0131n Gerekip Gerekmedi\u011fi \u00c7eli\u015fkili \u0130se Adli T\u0131p Kurumundan Rapor Al\u0131nmal\u0131d\u0131r. - Esmeray Hukuk B\u00fcrosu","description":"Bipolar daval\u0131 ile ilgili olarak her ne kadar sa\u011fl\u0131k kurulu raporunda daval\u0131n\u0131n halihaz\u0131rda hastal\u0131\u011f\u0131n\u0131n aktif d\u00f6neminde olmay\u0131p k\u0131smi remisyon halinde oldu\u011fu, mevcut hali ile hastaya vasi atanmas\u0131n\u0131n gerekmedi\u011fi belirtilmekte ise de, kad\u0131n\u0131n \u00e7ok uzun s\u00fcredir kronik bipolar affektif bozukluk hastas\u0131 oldu\u011fu, zaman zaman yatarak da tedavilerinin devam etti\u011fi ve atak d\u00f6nemlerinde vasi tayini gerekebilece\u011fi y\u00f6n\u00fcndeki m\u00fctalaalar da dikkate al\u0131nd\u0131\u011f\u0131nda bahsi ge\u00e7en kurul raporunun daval\u0131 kad\u0131n\u0131n fiil ehliyetinin bulunup bulunmad\u0131\u011f\u0131 konusunda yeterli ve h\u00fck\u00fcm kurmaya elveri\u015fli olmad\u0131\u011f\u0131 anla\u015f\u0131ld\u0131\u011f\u0131ndan, mahkemece yap\u0131lmas\u0131 gereken, t\u00fcm tedavi kay\u0131tlar\u0131 ile birlikte eldeki dava dosyas\u0131n\u0131n, al\u0131nan t\u00fcm sa\u011fl\u0131k kurul raporlar\u0131 hep birlikte Adli T\u0131p Kurumuna g\u00f6nderilerek, Adli T\u0131p Genel Kurulundan g\u00f6r\u00fc\u015f al\u0131nmakt\u0131r.","robots":{"index":"index","follow":"follow","max-snippet":"max-snippet:-1","max-image-preview":"max-image-preview:large","max-video-preview":"max-video-preview:-1"},"canonical":"https:\/\/esmeraylaw.com\/tr\/saglik-kurulu-raporunda-bipolar-kisiye-vasi-atanmasi-celiskili-ise-adli-tip-kurumundan-rapor-al\/","og_locale":"tr_TR","og_type":"article","og_title":"Sa\u011fl\u0131k Kurulu Raporlar\u0131nda Bipolar Hastas\u0131 Ki\u015fiye Vasi Atanmas\u0131n\u0131n Gerekip Gerekmedi\u011fi \u00c7eli\u015fkili \u0130se Adli T\u0131p Kurumundan Rapor Al\u0131nmal\u0131d\u0131r. - Esmeray Hukuk B\u00fcrosu","og_description":"Bipolar daval\u0131 ile ilgili olarak her ne kadar sa\u011fl\u0131k kurulu raporunda daval\u0131n\u0131n halihaz\u0131rda hastal\u0131\u011f\u0131n\u0131n aktif d\u00f6neminde olmay\u0131p k\u0131smi remisyon halinde oldu\u011fu, mevcut hali ile hastaya vasi atanmas\u0131n\u0131n gerekmedi\u011fi belirtilmekte ise de, kad\u0131n\u0131n \u00e7ok uzun s\u00fcredir kronik bipolar affektif bozukluk hastas\u0131 oldu\u011fu, zaman zaman yatarak da tedavilerinin devam etti\u011fi ve atak d\u00f6nemlerinde vasi tayini gerekebilece\u011fi y\u00f6n\u00fcndeki m\u00fctalaalar da dikkate al\u0131nd\u0131\u011f\u0131nda bahsi ge\u00e7en kurul raporunun daval\u0131 kad\u0131n\u0131n fiil ehliyetinin bulunup bulunmad\u0131\u011f\u0131 konusunda yeterli ve h\u00fck\u00fcm kurmaya elveri\u015fli olmad\u0131\u011f\u0131 anla\u015f\u0131ld\u0131\u011f\u0131ndan, mahkemece yap\u0131lmas\u0131 gereken, t\u00fcm tedavi kay\u0131tlar\u0131 ile birlikte eldeki dava dosyas\u0131n\u0131n, al\u0131nan t\u00fcm sa\u011fl\u0131k kurul raporlar\u0131 hep birlikte Adli T\u0131p Kurumuna g\u00f6nderilerek, Adli T\u0131p Genel Kurulundan g\u00f6r\u00fc\u015f al\u0131nmakt\u0131r.","og_url":"https:\/\/esmeraylaw.com\/tr\/saglik-kurulu-raporunda-bipolar-kisiye-vasi-atanmasi-celiskili-ise-adli-tip-kurumundan-rapor-al\/","og_site_name":"Esmeray Hukuk B\u00fcrosu","article_publisher":"https:\/\/www.facebook.com\/esmeraylaw","article_published_time":"2021-06-18T22:05:39+00:00","og_image":[{"width":122,"height":65,"url":"https:\/\/esmeraylaw.com\/tr\/wp-content\/uploads\/2020\/09\/logo.jpg","type":"image\/jpeg"}],"author":"Fehmi Esmeray","twitter_card":"summary_large_image","twitter_creator":"@EsmerayLaw","twitter_site":"@EsmerayLaw","twitter_misc":{"Yazan:":"Fehmi Esmeray","Tahmini okuma s\u00fcresi":"3 dakika"},"schema":{"@context":"https:\/\/schema.org","@graph":[{"@type":"Article","@id":"https:\/\/esmeraylaw.com\/tr\/saglik-kurulu-raporunda-bipolar-kisiye-vasi-atanmasi-celiskili-ise-adli-tip-kurumundan-rapor-al\/#article","isPartOf":{"@id":"https:\/\/esmeraylaw.com\/tr\/saglik-kurulu-raporunda-bipolar-kisiye-vasi-atanmasi-celiskili-ise-adli-tip-kurumundan-rapor-al\/"},"author":{"name":"Fehmi Esmeray","@id":"https:\/\/esmeraylaw.com\/tr\/#\/schema\/person\/99f6451f0a330c75209277c8c8e674f4"},"headline":"Sa\u011fl\u0131k Kurulu Raporlar\u0131nda Bipolar Hastas\u0131 Ki\u015fiye Vasi Atanmas\u0131n\u0131n Gerekip Gerekmedi\u011fi \u00c7eli\u015fkili \u0130se Adli T\u0131p Kurumundan Rapor Al\u0131nmal\u0131d\u0131r.","datePublished":"2021-06-18T22:05:39+00:00","mainEntityOfPage":{"@id":"https:\/\/esmeraylaw.com\/tr\/saglik-kurulu-raporunda-bipolar-kisiye-vasi-atanmasi-celiskili-ise-adli-tip-kurumundan-rapor-al\/"},"wordCount":773,"commentCount":0,"publisher":{"@id":"https:\/\/esmeraylaw.com\/tr\/#organization"},"articleSection":["Ictihat"],"inLanguage":"tr","potentialAction":[{"@type":"CommentAction","name":"Comment","target":["https:\/\/esmeraylaw.com\/tr\/saglik-kurulu-raporunda-bipolar-kisiye-vasi-atanmasi-celiskili-ise-adli-tip-kurumundan-rapor-al\/#respond"]}]},{"@type":"WebPage","@id":"https:\/\/esmeraylaw.com\/tr\/saglik-kurulu-raporunda-bipolar-kisiye-vasi-atanmasi-celiskili-ise-adli-tip-kurumundan-rapor-al\/","url":"https:\/\/esmeraylaw.com\/tr\/saglik-kurulu-raporunda-bipolar-kisiye-vasi-atanmasi-celiskili-ise-adli-tip-kurumundan-rapor-al\/","name":"Sa\u011fl\u0131k Kurulu Raporlar\u0131nda Bipolar Hastas\u0131 Ki\u015fiye Vasi Atanmas\u0131n\u0131n Gerekip Gerekmedi\u011fi \u00c7eli\u015fkili \u0130se Adli T\u0131p Kurumundan Rapor Al\u0131nmal\u0131d\u0131r. - Esmeray Hukuk B\u00fcrosu","isPartOf":{"@id":"https:\/\/esmeraylaw.com\/tr\/#website"},"datePublished":"2021-06-18T22:05:39+00:00","description":"Bipolar daval\u0131 ile ilgili olarak her ne kadar sa\u011fl\u0131k kurulu raporunda daval\u0131n\u0131n halihaz\u0131rda hastal\u0131\u011f\u0131n\u0131n aktif d\u00f6neminde olmay\u0131p k\u0131smi remisyon halinde oldu\u011fu, mevcut hali ile hastaya vasi atanmas\u0131n\u0131n gerekmedi\u011fi belirtilmekte ise de, kad\u0131n\u0131n \u00e7ok uzun s\u00fcredir kronik bipolar affektif bozukluk hastas\u0131 oldu\u011fu, zaman zaman yatarak da tedavilerinin devam etti\u011fi ve atak d\u00f6nemlerinde vasi tayini gerekebilece\u011fi y\u00f6n\u00fcndeki m\u00fctalaalar da dikkate al\u0131nd\u0131\u011f\u0131nda bahsi ge\u00e7en kurul raporunun daval\u0131 kad\u0131n\u0131n fiil ehliyetinin bulunup bulunmad\u0131\u011f\u0131 konusunda yeterli ve h\u00fck\u00fcm kurmaya elveri\u015fli olmad\u0131\u011f\u0131 anla\u015f\u0131ld\u0131\u011f\u0131ndan, mahkemece yap\u0131lmas\u0131 gereken, t\u00fcm tedavi kay\u0131tlar\u0131 ile birlikte eldeki dava dosyas\u0131n\u0131n, al\u0131nan t\u00fcm sa\u011fl\u0131k kurul raporlar\u0131 hep birlikte Adli T\u0131p Kurumuna g\u00f6nderilerek, Adli T\u0131p Genel Kurulundan g\u00f6r\u00fc\u015f al\u0131nmakt\u0131r.","breadcrumb":{"@id":"https:\/\/esmeraylaw.com\/tr\/saglik-kurulu-raporunda-bipolar-kisiye-vasi-atanmasi-celiskili-ise-adli-tip-kurumundan-rapor-al\/#breadcrumb"},"inLanguage":"tr","potentialAction":[{"@type":"ReadAction","target":["https:\/\/esmeraylaw.com\/tr\/saglik-kurulu-raporunda-bipolar-kisiye-vasi-atanmasi-celiskili-ise-adli-tip-kurumundan-rapor-al\/"]}]},{"@type":"BreadcrumbList","@id":"https:\/\/esmeraylaw.com\/tr\/saglik-kurulu-raporunda-bipolar-kisiye-vasi-atanmasi-celiskili-ise-adli-tip-kurumundan-rapor-al\/#breadcrumb","itemListElement":[{"@type":"ListItem","position":1,"name":"Ana sayfa","item":"https:\/\/esmeraylaw.com\/tr\/"},{"@type":"ListItem","position":2,"name":"Sa\u011fl\u0131k Kurulu Raporlar\u0131nda Bipolar Hastas\u0131 Ki\u015fiye Vasi Atanmas\u0131n\u0131n Gerekip Gerekmedi\u011fi \u00c7eli\u015fkili \u0130se Adli T\u0131p Kurumundan Rapor Al\u0131nmal\u0131d\u0131r."}]},{"@type":"WebSite","@id":"https:\/\/esmeraylaw.com\/tr\/#website","url":"https:\/\/esmeraylaw.com\/tr\/","name":"Esmeray Hukuk B\u00fcrosu","description":"Ticaret Hukuku Avukat\u0131","publisher":{"@id":"https:\/\/esmeraylaw.com\/tr\/#organization"},"potentialAction":[{"@type":"SearchAction","target":{"@type":"EntryPoint","urlTemplate":"https:\/\/esmeraylaw.com\/tr\/?s={search_term_string}"},"query-input":{"@type":"PropertyValueSpecification","valueRequired":true,"valueName":"search_term_string"}}],"inLanguage":"tr"},{"@type":"Organization","@id":"https:\/\/esmeraylaw.com\/tr\/#organization","name":"Esmeray Hukuk B\u00fcrosu","url":"https:\/\/esmeraylaw.com\/tr\/","logo":{"@type":"ImageObject","inLanguage":"tr","@id":"https:\/\/esmeraylaw.com\/tr\/#\/schema\/logo\/image\/","url":"https:\/\/esmeraylaw.com\/tr\/wp-content\/uploads\/2020\/09\/logo.jpg","contentUrl":"https:\/\/esmeraylaw.com\/tr\/wp-content\/uploads\/2020\/09\/logo.jpg","width":122,"height":65,"caption":"Esmeray Hukuk B\u00fcrosu"},"image":{"@id":"https:\/\/esmeraylaw.com\/tr\/#\/schema\/logo\/image\/"},"sameAs":["https:\/\/www.facebook.com\/esmeraylaw","https:\/\/x.com\/EsmerayLaw","https:\/\/www.instagram.com\/esmerayhukukburosu","https:\/\/www.linkedin.com\/in\/esmeraylaw"]},{"@type":"Person","@id":"https:\/\/esmeraylaw.com\/tr\/#\/schema\/person\/99f6451f0a330c75209277c8c8e674f4","name":"Fehmi Esmeray","image":{"@type":"ImageObject","inLanguage":"tr","@id":"https:\/\/secure.gravatar.com\/avatar\/1146e0f4e56c81d3812c7a51f07c3adc714b2b130ac895b2d8ab9a22d23e10a7?s=96&d=mm&r=g","url":"https:\/\/secure.gravatar.com\/avatar\/1146e0f4e56c81d3812c7a51f07c3adc714b2b130ac895b2d8ab9a22d23e10a7?s=96&d=mm&r=g","contentUrl":"https:\/\/secure.gravatar.com\/avatar\/1146e0f4e56c81d3812c7a51f07c3adc714b2b130ac895b2d8ab9a22d23e10a7?s=96&d=mm&r=g","caption":"Fehmi Esmeray"},"url":"https:\/\/esmeraylaw.com\/tr\/author\/eslaw\/"}]}},"_links":{"self":[{"href":"https:\/\/esmeraylaw.com\/tr\/wp-json\/wp\/v2\/posts\/193","targetHints":{"allow":["GET"]}}],"collection":[{"href":"https:\/\/esmeraylaw.com\/tr\/wp-json\/wp\/v2\/posts"}],"about":[{"href":"https:\/\/esmeraylaw.com\/tr\/wp-json\/wp\/v2\/types\/post"}],"author":[{"embeddable":true,"href":"https:\/\/esmeraylaw.com\/tr\/wp-json\/wp\/v2\/users\/2"}],"replies":[{"embeddable":true,"href":"https:\/\/esmeraylaw.com\/tr\/wp-json\/wp\/v2\/comments?post=193"}],"version-history":[{"count":0,"href":"https:\/\/esmeraylaw.com\/tr\/wp-json\/wp\/v2\/posts\/193\/revisions"}],"wp:attachment":[{"href":"https:\/\/esmeraylaw.com\/tr\/wp-json\/wp\/v2\/media?parent=193"}],"wp:term":[{"taxonomy":"category","embeddable":true,"href":"https:\/\/esmeraylaw.com\/tr\/wp-json\/wp\/v2\/categories?post=193"},{"taxonomy":"post_tag","embeddable":true,"href":"https:\/\/esmeraylaw.com\/tr\/wp-json\/wp\/v2\/tags?post=193"}],"curies":[{"name":"wp","href":"https:\/\/api.w.org\/{rel}","templated":true}]}}