{"id":204,"date":"2021-10-15T00:05:35","date_gmt":"2021-10-14T21:05:35","guid":{"rendered":"https:\/\/esmeraylaw.com\/tr\/?p=204"},"modified":"2021-10-15T00:05:35","modified_gmt":"2021-10-14T21:05:35","slug":"kadinin-calisiyor-olmasi-erkegin-gelirinin-olmamasi-kadin-yararina-nafakaya-engel-degil","status":"publish","type":"post","link":"https:\/\/esmeraylaw.com\/tr\/kadinin-calisiyor-olmasi-erkegin-gelirinin-olmamasi-kadin-yararina-nafakaya-engel-degil\/","title":{"rendered":"Erke\u011fin Gelirinin Olmamas\u0131 ve Kad\u0131n\u0131n \u00c7al\u0131\u015f\u0131yor Olmas\u0131 Kad\u0131n Lehine Nafakaya H\u00fckmedilmesine Engel De\u011fildir."},"content":{"rendered":"<p>[vc_row][vc_column][vc_column_text]<strong>Yarg\u0131tay<\/strong><\/p>\n<p><strong>Hukuk Genel Kurul Karar\u0131<\/strong><\/p>\n<p><strong>Esas No: 2017\/2-1891<\/strong><\/p>\n<p><strong>Karar No: 2018\/1577<\/strong><\/p>\n<p><strong>&#8220;\u0130\u00e7tihat Metni&#8221;<\/strong><\/p>\n<p><strong>MAHKEMES\u0130<\/strong>: Aile Mahkemesi<\/p>\n<p><strong>DAVA T\u00dcR\u00dc: <\/strong>Bo\u015fanma<\/p>\n<p style=\"text-align: justify;\"><strong>\u00d6ZET:<\/strong> Taraflar\u0131n 20.02.2011 tarihinde evlendikleri, aralar\u0131ndaki anla\u015fmazl\u0131klar sebebiyle kar\u015f\u0131l\u0131kl\u0131 olarak bo\u015fanma davas\u0131 a\u00e7t\u0131klar\u0131 anla\u015f\u0131lmaktad\u0131r. Mahkemece 23.11.2011 tarihli ara karar ile daval\u0131-kar\u015f\u0131 davac\u0131 kad\u0131n yarar\u0131na 500,00 TL tedbir nafakas\u0131na h\u00fckmedilmi\u015f ise de akabinde 19.12.2011 tarihli ara karar ile &#8220;kocan\u0131n i\u015fsiz oldu\u011fu, hi\u00e7 bir gelirinin bulunmad\u0131\u011f\u0131&#8221; belirtilmek suretiyle s\u00f6z\u00fc edilen tarih itibariyle tedbir nafakas\u0131n\u0131n ge\u00e7ici olarak durdurulmas\u0131na karar verilmi\u015ftir. Nihai yarg\u0131lama sonunda ise davac\u0131-kar\u015f\u0131 daval\u0131 erke\u011fin bo\u015fanmaya yol a\u00e7an olaylarda bir kusurunun bulunmad\u0131\u011f\u0131, daval\u0131-kar\u015f\u0131 davac\u0131 kad\u0131n\u0131n ise ba\u015fkas\u0131 ile a\u015fk ve g\u00f6n\u00fcl ili\u015fkisi i\u00e7erisine girdi\u011fi, bu sebeple tam kusurlu oldu\u011fu gerek\u00e7esiyle, erke\u011fin davas\u0131n\u0131n kabul\u00fcyle taraflar\u0131n bo\u015fanmalar\u0131na, kad\u0131n\u0131n davas\u0131n\u0131n ise reddine karar verilmi\u015ftir. Karar\u0131n temyizi \u00fczerine \u00d6zel Dairece yap\u0131lan incelemede; mahkemenin bo\u015fanma ve kusur belirlemesine dair gerek\u00e7esi onanmak suretiyle kesinle\u015fmi\u015f, karar sadece &#8220;tedbir nafakas\u0131na&#8221; dair olarak bozulmu\u015ftur. Mahkemenin direnme gerek\u00e7esinin aksine erke\u011fin gelirinin bulunmamas\u0131, kad\u0131n\u0131n \u00e7al\u0131\u015f\u0131yor olmas\u0131 veya kusur durumu kad\u0131n yarar\u0131na tedbir nafakas\u0131 h\u00fckmedilmesine engel te\u015fkil eden vak\u0131alar de\u011fildir.<\/p>\n<p style=\"text-align: justify;\"><strong>DAVA:<\/strong> Taraflar aras\u0131ndaki kar\u015f\u0131l\u0131kl\u0131 \u201cbo\u015fanma\u201d davas\u0131ndan dolay\u0131 yap\u0131lan yarg\u0131lama sonunda Ankara 4. Aile Mahkemesince &#8220;davac\u0131-kar\u015f\u0131 daval\u0131 erke\u011fin davas\u0131n\u0131n kabul\u00fcne, daval\u0131-kar\u015f\u0131 davac\u0131 kad\u0131n\u0131n davas\u0131n\u0131n reddine&#8221; dair verilen 21.09.2012 tarihli ve 2011\/1096 E., 2012\/1186 K. say\u0131l\u0131 karar daval\u0131 &#8211; kar\u015f\u0131 davac\u0131 (kad\u0131n) vekilinin temyizi \u00fczerine Yarg\u0131tay 2. Hukuk Dairesinin 12.11.2013 tarihli ve 2013\/1834 E., 2013\/26011 K. say\u0131l\u0131 karar\u0131 ile:<\/p>\n<p style=\"text-align: justify;\">&#8220;&#8230;1-Dosyadaki yaz\u0131lara, karar\u0131n dayand\u0131\u011f\u0131 delillerle kanuna uygun sebeplere ve \u00f6zellikle delillerin takdirinde bir yanl\u0131\u015fl\u0131k g\u00f6r\u00fclmemesine g\u00f6re, daval\u0131-kar\u015f\u0131 davac\u0131 kad\u0131n\u0131n a\u015fa\u011f\u0131daki bendin kapsam\u0131 d\u0131\u015f\u0131nda kalan temyiz itirazlar\u0131 yersizdir.<\/p>\n<p style=\"text-align: justify;\">2-)Yerel mahkeme taraf\u0131ndan daval\u0131-kar\u015f\u0131 davac\u0131 kad\u0131n yarar\u0131na 23.11.2011 tarihli ara karar\u0131 ile ayl\u0131k 500 TL. tedbir nafakas\u0131 takdir edilmi\u015f, ancak mahkemece 19.12.2011 tarihli ara karar\u0131 ile davac\u0131-kar\u015f\u0131 daval\u0131 kocan\u0131n i\u015fsiz olmas\u0131 ve hi\u00e7bir gelirinin bulunmad\u0131\u011f\u0131 gerek\u00e7esiyle bu tarihten ge\u00e7erli olarak tedbir nafakas\u0131n\u0131n durdurulmas\u0131na karar verilmi\u015ftir. Davac\u0131-kar\u015f\u0131 daval\u0131 kocan\u0131n i\u015fsiz olmas\u0131 ve gelirinin bulunmamas\u0131 h\u00fckmedilen tedbir nafakas\u0131n\u0131n tamam\u0131yla kald\u0131r\u0131lmas\u0131n\u0131 gerektirmez. Bu durum ancak daha \u00f6nce takdir edilen nafakan\u0131n indirilmesi i\u00e7in bir gerek\u00e7e olabilir. Bu durumda yarg\u0131lama s\u0131ras\u0131nda ge\u00e7im i\u00e7in ihtiya\u00e7lar\u0131 devam eden daval\u0131-davac\u0131 kad\u0131n yarar\u0131na T\u00fcrk Medeni Kanunun 169. maddesi gere\u011fince 19.12.2011 tarihinden ge\u00e7erli olmak \u00fczere tedbir nafakas\u0131na h\u00fckmedilmemesi do\u011fru g\u00f6r\u00fclmemi\u015ftir&#8230;&#8221;<\/p>\n<p style=\"text-align: justify;\">gerek\u00e7esiyle bozularak dosya yerine geri \u00e7evrilmekle yeniden yap\u0131lan yarg\u0131lama sonunda mahkemece \u00f6nceki kararda direnilmi\u015ftir.<\/p>\n<p style=\"text-align: justify;\">Hukuk Genel Kurulunca incelenerek temyiz dilek\u00e7esinin s\u00fcresinde verildi\u011fi anla\u015f\u0131ld\u0131ktan ve dosyadaki belgeler okunduktan sonra gere\u011fi g\u00f6r\u00fc\u015f\u00fcld\u00fc:<\/p>\n<p style=\"text-align: justify;\"><strong>KARARI:<\/strong> As\u0131l ve kar\u015f\u0131 dava, T\u00fcrk Medeni Kanunu&#8217;nun (TMK) 166\/1. maddesi uyar\u0131nca a\u00e7\u0131lan evlilik birli\u011finin sars\u0131lmas\u0131 nedenine dayal\u0131 bo\u015fanma isteklerine ili\u015fkindir.<\/p>\n<p style=\"text-align: justify;\">Davac\u0131-kar\u015f\u0131 daval\u0131 (erkek) vekili, daval\u0131n\u0131n m\u00fcvekkiline g\u00fclery\u00fcz g\u00f6stermedi\u011fini, t\u00fcm vaktini internette ge\u00e7irdi\u011fini, hakaret etti\u011fini, sadakatsiz davran\u0131\u015flar i\u00e7ine girdi\u011fini, bu sebeple evlilik birli\u011finin sars\u0131ld\u0131\u011f\u0131n\u0131 ileri s\u00fcrerek taraflar\u0131n bo\u015fanmalar\u0131na, karar\u0131n kesinle\u015fmesinden itibaren 25.000,00 TL maddi tazminat ile 50.000,00 TL manevi tazminat\u0131n faiz ile birlikte tahsiline karar verilmesini talep ve dava etmi\u015ftir.<\/p>\n<p style=\"text-align: justify;\">Daval\u0131-kar\u015f\u0131 davac\u0131 (kad\u0131n) vekili, erkek e\u015fin birlik g\u00f6revlerini yerine getirmedi\u011fini, her tart\u0131\u015fmada m\u00fcvekkilini evden kovdu\u011funu, en son davac\u0131n\u0131n agresifli\u011finden korkan m\u00fcvekkilinin annesine s\u0131\u011f\u0131nd\u0131\u011f\u0131n\u0131, bir s\u00fcre sonra evin e\u015fyalar\u0131n\u0131n sat\u0131ld\u0131\u011f\u0131n\u0131 \u00f6\u011frendi\u011fini ileri s\u00fcrerek bo\u015fanmalar\u0131na karar verilmesini ve m\u00fcvekkili yarar\u0131na 50.000,00 TL maddi tazminat ile 50.000,00 TL manevi tazminata h\u00fckmedilmesini talep ve dava etmi\u015ftir.<\/p>\n<p style=\"text-align: justify;\">Mahkemece, bo\u015fanmaya sebep olaylarda erkek y\u00f6n\u00fcnden ispatlanm\u0131\u015f bir kusur bulunmad\u0131\u011f\u0131, kad\u0131n\u0131n ise evlilik birli\u011finin kutsall\u0131\u011f\u0131 ile ba\u011fda\u015fmayacak \u015fekilde \u00fc\u00e7\u00fcnc\u00fc bir ki\u015fi ile a\u015fk ve g\u00f6n\u00fcl ili\u015fkisi i\u00e7erisinde oldu\u011fu gerek\u00e7esiyle daval\u0131-kar\u015f\u0131 davac\u0131 kad\u0131n\u0131n davas\u0131n\u0131n reddine, davac\u0131-kar\u015f\u0131 daval\u0131 (erke\u011fin) bo\u015fanma davas\u0131n\u0131n kabul\u00fcne, erkek yarar\u0131na 5.000,00 TL maddi tazminat (TMK m.174\/1) ve 5.000,00 TL (TMK m.174\/2) manevi tazminata karar verilmi\u015f, kad\u0131n\u0131n maddi ve manevi tazminat talepleri ise reddedilmi\u015ftir.<\/p>\n<p style=\"text-align: justify;\">Daval\u0131-kar\u015f\u0131 davac\u0131 (kad\u0131n) vekilinin temyizi \u00fczerine karar, \u00d6zel Dairece yukarda ba\u015fl\u0131k k\u0131sm\u0131nda a\u00e7\u0131klanan gerek\u00e7e ile tedbir nafakas\u0131 y\u00f6n\u00fcnden bozulmu\u015ftur.<\/p>\n<p style=\"text-align: justify;\">Mahkemece, davac\u0131-kar\u015f\u0131 daval\u0131 erke\u011fin \u00e7al\u0131\u015fmad\u0131\u011f\u0131, sabit bir gelirinin olmad\u0131\u011f\u0131, kad\u0131n\u0131n da dava tarihinde \u00e7al\u0131\u015fmad\u0131\u011f\u0131, bozmadan sonraki taraf anlat\u0131m\u0131na g\u00f6re bir s\u00fcre i\u015fe girip tekrar \u00e7\u0131kt\u0131\u011f\u0131, kad\u0131n\u0131n duru\u015fmada g\u00f6zlenen g\u00f6r\u00fcnt\u00fc ve yap\u0131s\u0131 itibariyle \u00e7al\u0131\u015f\u0131p kazan\u00e7 elde edebilecek g\u00f6r\u00fcnt\u00fcs\u00fc oldu\u011fu belirtilerek direnme karar\u0131 verilmi\u015ftir.<\/p>\n<p style=\"text-align: justify;\">Direnme karar\u0131 daval\u0131-kar\u015f\u0131 davac\u0131 (kad\u0131n) vekili taraf\u0131ndan temyiz edilmi\u015ftir.<\/p>\n<p style=\"text-align: justify;\">Direnme yoluyla Hukuk Genel Kurulu \u00f6n\u00fcne gelen uyu\u015fmazl\u0131k, daval\u0131-kar\u015f\u0131 davac\u0131 kad\u0131n yarar\u0131na ara kararla h\u00fckmedilen tedbir nafakas\u0131n\u0131n kald\u0131r\u0131lmas\u0131 ko\u015fullar\u0131n\u0131n olu\u015fup olu\u015fmad\u0131\u011f\u0131 noktas\u0131nda toplanmaktad\u0131r.<\/p>\n<p>4721 Say\u0131l\u0131 T\u00fcrk Medeni Kanunu&#8217;nun (TMK) \u201cGe\u00e7ici \u00f6nlemler\u201d ba\u015fl\u0131kl\u0131 169. maddesi:<\/p>\n<p style=\"text-align: justify;\">\u201cBo\u015fanma veya ayr\u0131l\u0131k davas\u0131 a\u00e7\u0131l\u0131nca h\u00e2kim, davan\u0131n devam\u0131 s\u00fcresince gerekli olan, \u00f6zellikle e\u015flerin bar\u0131nmas\u0131na, ge\u00e7imine, e\u015flerin mallar\u0131n\u0131n y\u00f6netimine ve \u00e7ocuklar\u0131n bak\u0131m ve korunmas\u0131na dair ge\u00e7ici \u00f6nlemleri re&#8217;sen al\u0131r.\u201d h\u00fckm\u00fcn\u00fc i\u00e7ermektedir.<\/p>\n<p style=\"text-align: justify;\">Bu madde, yasal gerek\u00e7esinde de i\u015faret olundu\u011fu \u00fczere, y\u00fcr\u00fcrl\u00fckten kald\u0131r\u0131lan 743 Say\u0131l\u0131 Medeni Kanunu&#8217;nun 137. maddesinin sadele\u015ftirilmi\u015f \u015fekli olup, mahiyeti itibariyle herhangi bir de\u011fi\u015fikli\u011fe u\u011framam\u0131\u015ft\u0131r. B\u00f6ylece, \u00f6teden beri uygulanagelen bu h\u00fckme g\u00f6re h\u00e2kimin, bu konuda bir talebin varl\u0131\u011f\u0131n\u0131 aramaks\u0131z\u0131n, davan\u0131n devam\u0131 s\u00fcresince gerekli olan, \u00f6zellikle e\u015flerin bar\u0131nmas\u0131na, ge\u00e7imine, mallar\u0131n\u0131n y\u00f6netimine dair ge\u00e7ici \u00f6nlemleri resen almas\u0131 gerekir.<\/p>\n<p style=\"text-align: justify;\">Bu ge\u00e7ici \u00f6nlemlerden birisi de tedbir nafakas\u0131d\u0131r.<\/p>\n<p style=\"text-align: justify;\">Tedbir nafakas\u0131, talebe ba\u011fl\u0131 olmaks\u0131z\u0131n (resen) takdir edilir ve ge\u00e7ici bir \u00f6nlem olarak davan\u0131n ba\u015f\u0131ndan itibaren karar kesinle\u015fene kadar h\u00fck\u00fcm alt\u0131na al\u0131n\u0131r.<\/p>\n<p style=\"text-align: justify;\">Dolay\u0131s\u0131yla tedbir nafakas\u0131 takdirine dair karar\u0131n, davan\u0131n a\u00e7\u0131ld\u0131\u011f\u0131 tarih itibariyle taraflar\u0131n ekonomik ve sosyal durumlar\u0131na dair ara\u015ft\u0131rma sonu\u00e7lar\u0131n\u0131n dosyaya geli\u015fini takiben hemen verilmesi gerekir.<\/p>\n<p style=\"text-align: justify;\">Bo\u015fanma ve ayr\u0131l\u0131k davalar\u0131nda, taraflar\u0131n kusur durumu hi\u00e7bir \u015fekilde tedbir nafakas\u0131n\u0131n takdirine etkili bir unsur de\u011fildir. Kusurlu e\u015f yarar\u0131na dahi, bu tedbirlerin al\u0131nmas\u0131 m\u00fcmk\u00fcnd\u00fcr. Yine, her iki taraf\u0131n da gelirinin bulunmas\u0131 tedbir nafakas\u0131 verilmesini engelleyici bir h\u00e2l de\u011fildir. Ancak e\u015flerin ekonomik g\u00fc\u00e7lerinin birbirine yak\u0131n olmas\u0131 durumu s\u00f6z konusu ise bu durumda ge\u00e7ici tedbir nafakas\u0131 verme zorunlulu\u011funun ortadan kalkaca\u011f\u0131 s\u00f6ylenebilir.<\/p>\n<p style=\"text-align: justify;\">Ayr\u0131ca belirtilmelidir ki, Yarg\u0131tay i\u00e7tihatlar\u0131 ile bir ba\u015fkas\u0131 ile evlilik d\u0131\u015f\u0131 birliktelik ya\u015fayan e\u015fe tedbir nafakas\u0131 verilmeyece\u011fi hususu benimsenmi\u015ftir.<\/p>\n<p style=\"text-align: justify;\">TMK&#8217;n\u0131n 169. maddesi uyar\u0131nca takdir edilen tedbir nafakas\u0131, a\u00e7\u0131lan bo\u015fanma davas\u0131 kapsam\u0131nda al\u0131nan ge\u00e7ici nitelikteki bir \u00f6nlem olarak h\u00e2kim taraf\u0131ndan yarg\u0131lama s\u0131ras\u0131nda kald\u0131r\u0131lmad\u0131\u011f\u0131 takdirde bo\u015fanma davas\u0131nda verilen karar\u0131n kesinle\u015fmesi ile kendili\u011finden sona erer.<\/p>\n<p style=\"text-align: justify;\">Bu ilkeler kapsam\u0131nda somut olay de\u011ferlendirildi\u011finde, taraflar\u0131n 20.02.2011 tarihinde evlendikleri, aralar\u0131ndaki anla\u015fmazl\u0131klar sebebiyle kar\u015f\u0131l\u0131kl\u0131 olarak bo\u015fanma davas\u0131 a\u00e7t\u0131klar\u0131 anla\u015f\u0131lmaktad\u0131r. Mahkemece 23.11.2011 tarihli ara karar ile daval\u0131-kar\u015f\u0131 davac\u0131 kad\u0131n yarar\u0131na 500,00 TL tedbir nafakas\u0131na h\u00fckmedilmi\u015f ise de akabinde 19.12.2011 tarihli ara karar ile &#8220;kocan\u0131n i\u015fsiz oldu\u011fu, hi\u00e7 bir gelirinin bulunmad\u0131\u011f\u0131&#8221; belirtilmek suretiyle s\u00f6z\u00fc edilen tarih itibariyle tedbir nafakas\u0131n\u0131n ge\u00e7ici olarak durdurulmas\u0131na karar verilmi\u015ftir. Nihai yarg\u0131lama sonunda ise davac\u0131-kar\u015f\u0131 daval\u0131 erke\u011fin bo\u015fanmaya yol a\u00e7an olaylarda bir kusurunun bulunmad\u0131\u011f\u0131, daval\u0131-kar\u015f\u0131 davac\u0131 kad\u0131n\u0131n ise ba\u015fkas\u0131 ile a\u015fk ve g\u00f6n\u00fcl ili\u015fkisi i\u00e7erisine girdi\u011fi, bu sebeple tam kusurlu oldu\u011fu gerek\u00e7esiyle, erke\u011fin davas\u0131n\u0131n kabul\u00fcyle taraflar\u0131n bo\u015fanmalar\u0131na, kad\u0131n\u0131n davas\u0131n\u0131n ise reddine karar verilmi\u015ftir. Karar\u0131n temyizi \u00fczerine \u00d6zel Dairece yap\u0131lan incelemede; mahkemenin bo\u015fanma ve kusur belirlemesine dair gerek\u00e7esi onanmak suretiyle kesinle\u015fmi\u015f, karar sadece &#8220;tedbir nafakas\u0131na&#8221; dair olarak bozulmu\u015ftur. Yukar\u0131da da a\u00e7\u0131kland\u0131\u011f\u0131 \u00fczere mahkemenin direnme gerek\u00e7esinin aksine erke\u011fin gelirinin bulunmamas\u0131, kad\u0131n\u0131n \u00e7al\u0131\u015f\u0131yor olmas\u0131 veya kusur durumu kad\u0131n yarar\u0131na tedbir nafakas\u0131 h\u00fckmedilmesine engel te\u015fkil eden vak\u0131alar de\u011fildir.<\/p>\n<p style=\"text-align: justify;\">H\u00e2l b\u00f6yle olunca taraflar\u0131n kar\u015f\u0131l\u0131kl\u0131 iddia ve savunmalar\u0131na, dosyadaki tutanak ve kan\u0131tlara, bozma karar\u0131nda a\u00e7\u0131klanan gerektirici nedenlere g\u00f6re, Hukuk Genel Kurulunca da benimsenen \u00d6zel Daire bozma karar\u0131na uyulmak gerekirken, \u00f6nceki kararda direnilmesi usul ve yasaya ayk\u0131r\u0131d\u0131r.<\/p>\n<p>Bu sebeple direnme karar\u0131 bozulmal\u0131d\u0131r.<\/p>\n<p style=\"text-align: justify;\"><strong>SONU\u00c7:<\/strong> Daval\u0131-kar\u015f\u0131 davac\u0131 (kad\u0131n) vekilinin temyiz itirazlar\u0131n\u0131n kabul\u00fcyle direnme karar\u0131n\u0131n \u00d6zel Daire bozma karar\u0131nda g\u00f6sterilen nedenlerden dolay\u0131 6100 Say\u0131l\u0131 Hukuk Muhakemeleri Kanunu&#8217;nun Ge\u00e7ici 3. maddesine g\u00f6re uygulanmakta olan 1086 Say\u0131l\u0131 Hukuk Usul\u00fc Muhakemeleri Kanunu&#8217;nun 429. maddesi gere\u011fince BOZULMASINA, istenmesi halinde temyiz pe\u015fin harc\u0131n\u0131n yat\u0131rana iadesine, ayn\u0131 Kanun&#8217;un 440. maddesi uyar\u0131nca tebli\u011fden itibaren on be\u015f g\u00fcnl\u00fck s\u00fcre i\u00e7erisinde karar d\u00fczeltme yolu a\u00e7\u0131k olmak \u00fczere 25.10.2018 tarihinde oybirli\u011fi ile karar verildi.<\/p>\n<p>[\/vc_column_text][\/vc_column][\/vc_row]<\/p>\n","protected":false},"excerpt":{"rendered":"<p>[vc_row][vc_column][vc_column_text]Yarg\u0131tay Hukuk Genel Kurul Karar\u0131 Esas No: 2017\/2-1891 Karar No: 2018\/1577 &#8220;\u0130\u00e7tihat Metni&#8221; MAHKEMES\u0130: Aile Mahkemesi DAVA T\u00dcR\u00dc: Bo\u015fanma \u00d6ZET: Taraflar\u0131n 20.02.2011 tarihinde evlendikleri, aralar\u0131ndaki anla\u015fmazl\u0131klar<span class=\"excerpt-hellip\"> [\u2026]<\/span><\/p>\n","protected":false},"author":2,"featured_media":0,"comment_status":"open","ping_status":"closed","sticky":false,"template":"","format":"standard","meta":{"footnotes":""},"categories":[6],"tags":[],"class_list":["post-204","post","type-post","status-publish","format-standard","hentry","category-ictihat"],"yoast_head":"<!-- This site is optimized with the Yoast SEO plugin v27.5 - https:\/\/yoast.com\/product\/yoast-seo-wordpress\/ -->\n<title>Erke\u011fin Gelirinin Olmamas\u0131 ve Kad\u0131n\u0131n \u00c7al\u0131\u015f\u0131yor Olmas\u0131 Kad\u0131n Lehine Nafakaya H\u00fckmedilmesine Engel De\u011fildir. - Esmeray Hukuk B\u00fcrosu<\/title>\n<meta name=\"description\" content=\"Erkek \u00e7al\u0131\u015fm\u0131yor ve geliri de yoksa, buna kar\u015f\u0131l\u0131k kad\u0131n \u00e7al\u0131\u015f\u0131yorsa, bu durum kad\u0131na nafaka ba\u011flanmas\u0131na engel de\u011fildir.\" \/>\n<meta name=\"robots\" content=\"index, follow, max-snippet:-1, max-image-preview:large, max-video-preview:-1\" \/>\n<link rel=\"canonical\" href=\"https:\/\/esmeraylaw.com\/tr\/kadinin-calisiyor-olmasi-erkegin-gelirinin-olmamasi-kadin-yararina-nafakaya-engel-degil\/\" \/>\n<meta property=\"og:locale\" content=\"tr_TR\" \/>\n<meta property=\"og:type\" content=\"article\" \/>\n<meta property=\"og:title\" content=\"Erke\u011fin Gelirinin Olmamas\u0131 ve Kad\u0131n\u0131n \u00c7al\u0131\u015f\u0131yor Olmas\u0131 Kad\u0131n Lehine Nafakaya H\u00fckmedilmesine Engel De\u011fildir. - Esmeray Hukuk B\u00fcrosu\" \/>\n<meta property=\"og:description\" content=\"Erkek \u00e7al\u0131\u015fm\u0131yor ve geliri de yoksa, buna kar\u015f\u0131l\u0131k kad\u0131n \u00e7al\u0131\u015f\u0131yorsa, bu durum kad\u0131na nafaka ba\u011flanmas\u0131na engel de\u011fildir.\" \/>\n<meta property=\"og:url\" content=\"https:\/\/esmeraylaw.com\/tr\/kadinin-calisiyor-olmasi-erkegin-gelirinin-olmamasi-kadin-yararina-nafakaya-engel-degil\/\" \/>\n<meta property=\"og:site_name\" content=\"Esmeray Hukuk B\u00fcrosu\" \/>\n<meta property=\"article:publisher\" content=\"https:\/\/www.facebook.com\/esmeraylaw\" \/>\n<meta property=\"article:published_time\" content=\"2021-10-14T21:05:35+00:00\" \/>\n<meta property=\"og:image\" content=\"https:\/\/esmeraylaw.com\/tr\/wp-content\/uploads\/2020\/09\/logo.jpg\" \/>\n\t<meta property=\"og:image:width\" content=\"122\" \/>\n\t<meta property=\"og:image:height\" content=\"65\" \/>\n\t<meta property=\"og:image:type\" content=\"image\/jpeg\" \/>\n<meta name=\"author\" content=\"Fehmi Esmeray\" \/>\n<meta name=\"twitter:card\" content=\"summary_large_image\" \/>\n<meta name=\"twitter:creator\" content=\"@EsmerayLaw\" \/>\n<meta name=\"twitter:site\" content=\"@EsmerayLaw\" \/>\n<meta name=\"twitter:label1\" content=\"Yazan:\" \/>\n\t<meta name=\"twitter:data1\" content=\"Fehmi Esmeray\" \/>\n\t<meta name=\"twitter:label2\" content=\"Tahmini okuma s\u00fcresi\" \/>\n\t<meta name=\"twitter:data2\" content=\"6 dakika\" \/>\n<script type=\"application\/ld+json\" class=\"yoast-schema-graph\">{\"@context\":\"https:\\\/\\\/schema.org\",\"@graph\":[{\"@type\":\"Article\",\"@id\":\"https:\\\/\\\/esmeraylaw.com\\\/tr\\\/kadinin-calisiyor-olmasi-erkegin-gelirinin-olmamasi-kadin-yararina-nafakaya-engel-degil\\\/#article\",\"isPartOf\":{\"@id\":\"https:\\\/\\\/esmeraylaw.com\\\/tr\\\/kadinin-calisiyor-olmasi-erkegin-gelirinin-olmamasi-kadin-yararina-nafakaya-engel-degil\\\/\"},\"author\":{\"name\":\"Fehmi Esmeray\",\"@id\":\"https:\\\/\\\/esmeraylaw.com\\\/tr\\\/#\\\/schema\\\/person\\\/99f6451f0a330c75209277c8c8e674f4\"},\"headline\":\"Erke\u011fin Gelirinin Olmamas\u0131 ve Kad\u0131n\u0131n \u00c7al\u0131\u015f\u0131yor Olmas\u0131 Kad\u0131n Lehine Nafakaya H\u00fckmedilmesine Engel De\u011fildir.\",\"datePublished\":\"2021-10-14T21:05:35+00:00\",\"mainEntityOfPage\":{\"@id\":\"https:\\\/\\\/esmeraylaw.com\\\/tr\\\/kadinin-calisiyor-olmasi-erkegin-gelirinin-olmamasi-kadin-yararina-nafakaya-engel-degil\\\/\"},\"wordCount\":1760,\"commentCount\":0,\"publisher\":{\"@id\":\"https:\\\/\\\/esmeraylaw.com\\\/tr\\\/#organization\"},\"articleSection\":[\"Ictihat\"],\"inLanguage\":\"tr\",\"potentialAction\":[{\"@type\":\"CommentAction\",\"name\":\"Comment\",\"target\":[\"https:\\\/\\\/esmeraylaw.com\\\/tr\\\/kadinin-calisiyor-olmasi-erkegin-gelirinin-olmamasi-kadin-yararina-nafakaya-engel-degil\\\/#respond\"]}]},{\"@type\":\"WebPage\",\"@id\":\"https:\\\/\\\/esmeraylaw.com\\\/tr\\\/kadinin-calisiyor-olmasi-erkegin-gelirinin-olmamasi-kadin-yararina-nafakaya-engel-degil\\\/\",\"url\":\"https:\\\/\\\/esmeraylaw.com\\\/tr\\\/kadinin-calisiyor-olmasi-erkegin-gelirinin-olmamasi-kadin-yararina-nafakaya-engel-degil\\\/\",\"name\":\"Erke\u011fin Gelirinin Olmamas\u0131 ve Kad\u0131n\u0131n \u00c7al\u0131\u015f\u0131yor Olmas\u0131 Kad\u0131n Lehine Nafakaya H\u00fckmedilmesine Engel De\u011fildir. - Esmeray Hukuk B\u00fcrosu\",\"isPartOf\":{\"@id\":\"https:\\\/\\\/esmeraylaw.com\\\/tr\\\/#website\"},\"datePublished\":\"2021-10-14T21:05:35+00:00\",\"description\":\"Erkek \u00e7al\u0131\u015fm\u0131yor ve geliri de yoksa, buna kar\u015f\u0131l\u0131k kad\u0131n \u00e7al\u0131\u015f\u0131yorsa, bu durum kad\u0131na nafaka ba\u011flanmas\u0131na engel de\u011fildir.\",\"breadcrumb\":{\"@id\":\"https:\\\/\\\/esmeraylaw.com\\\/tr\\\/kadinin-calisiyor-olmasi-erkegin-gelirinin-olmamasi-kadin-yararina-nafakaya-engel-degil\\\/#breadcrumb\"},\"inLanguage\":\"tr\",\"potentialAction\":[{\"@type\":\"ReadAction\",\"target\":[\"https:\\\/\\\/esmeraylaw.com\\\/tr\\\/kadinin-calisiyor-olmasi-erkegin-gelirinin-olmamasi-kadin-yararina-nafakaya-engel-degil\\\/\"]}]},{\"@type\":\"BreadcrumbList\",\"@id\":\"https:\\\/\\\/esmeraylaw.com\\\/tr\\\/kadinin-calisiyor-olmasi-erkegin-gelirinin-olmamasi-kadin-yararina-nafakaya-engel-degil\\\/#breadcrumb\",\"itemListElement\":[{\"@type\":\"ListItem\",\"position\":1,\"name\":\"Ana sayfa\",\"item\":\"https:\\\/\\\/esmeraylaw.com\\\/tr\\\/\"},{\"@type\":\"ListItem\",\"position\":2,\"name\":\"Erke\u011fin Gelirinin Olmamas\u0131 ve Kad\u0131n\u0131n \u00c7al\u0131\u015f\u0131yor Olmas\u0131 Kad\u0131n Lehine Nafakaya H\u00fckmedilmesine Engel De\u011fildir.\"}]},{\"@type\":\"WebSite\",\"@id\":\"https:\\\/\\\/esmeraylaw.com\\\/tr\\\/#website\",\"url\":\"https:\\\/\\\/esmeraylaw.com\\\/tr\\\/\",\"name\":\"Esmeray Hukuk B\u00fcrosu\",\"description\":\"Ticaret Hukuku Avukat\u0131\",\"publisher\":{\"@id\":\"https:\\\/\\\/esmeraylaw.com\\\/tr\\\/#organization\"},\"potentialAction\":[{\"@type\":\"SearchAction\",\"target\":{\"@type\":\"EntryPoint\",\"urlTemplate\":\"https:\\\/\\\/esmeraylaw.com\\\/tr\\\/?s={search_term_string}\"},\"query-input\":{\"@type\":\"PropertyValueSpecification\",\"valueRequired\":true,\"valueName\":\"search_term_string\"}}],\"inLanguage\":\"tr\"},{\"@type\":\"Organization\",\"@id\":\"https:\\\/\\\/esmeraylaw.com\\\/tr\\\/#organization\",\"name\":\"Esmeray Hukuk B\u00fcrosu\",\"url\":\"https:\\\/\\\/esmeraylaw.com\\\/tr\\\/\",\"logo\":{\"@type\":\"ImageObject\",\"inLanguage\":\"tr\",\"@id\":\"https:\\\/\\\/esmeraylaw.com\\\/tr\\\/#\\\/schema\\\/logo\\\/image\\\/\",\"url\":\"https:\\\/\\\/esmeraylaw.com\\\/tr\\\/wp-content\\\/uploads\\\/2020\\\/09\\\/logo.jpg\",\"contentUrl\":\"https:\\\/\\\/esmeraylaw.com\\\/tr\\\/wp-content\\\/uploads\\\/2020\\\/09\\\/logo.jpg\",\"width\":122,\"height\":65,\"caption\":\"Esmeray Hukuk B\u00fcrosu\"},\"image\":{\"@id\":\"https:\\\/\\\/esmeraylaw.com\\\/tr\\\/#\\\/schema\\\/logo\\\/image\\\/\"},\"sameAs\":[\"https:\\\/\\\/www.facebook.com\\\/esmeraylaw\",\"https:\\\/\\\/x.com\\\/EsmerayLaw\",\"https:\\\/\\\/www.instagram.com\\\/esmerayhukukburosu\",\"https:\\\/\\\/www.linkedin.com\\\/in\\\/esmeraylaw\"]},{\"@type\":\"Person\",\"@id\":\"https:\\\/\\\/esmeraylaw.com\\\/tr\\\/#\\\/schema\\\/person\\\/99f6451f0a330c75209277c8c8e674f4\",\"name\":\"Fehmi Esmeray\",\"image\":{\"@type\":\"ImageObject\",\"inLanguage\":\"tr\",\"@id\":\"https:\\\/\\\/secure.gravatar.com\\\/avatar\\\/1146e0f4e56c81d3812c7a51f07c3adc714b2b130ac895b2d8ab9a22d23e10a7?s=96&d=mm&r=g\",\"url\":\"https:\\\/\\\/secure.gravatar.com\\\/avatar\\\/1146e0f4e56c81d3812c7a51f07c3adc714b2b130ac895b2d8ab9a22d23e10a7?s=96&d=mm&r=g\",\"contentUrl\":\"https:\\\/\\\/secure.gravatar.com\\\/avatar\\\/1146e0f4e56c81d3812c7a51f07c3adc714b2b130ac895b2d8ab9a22d23e10a7?s=96&d=mm&r=g\",\"caption\":\"Fehmi Esmeray\"},\"url\":\"https:\\\/\\\/esmeraylaw.com\\\/tr\\\/author\\\/eslaw\\\/\"}]}<\/script>\n<!-- \/ Yoast SEO plugin. -->","yoast_head_json":{"title":"Erke\u011fin Gelirinin Olmamas\u0131 ve Kad\u0131n\u0131n \u00c7al\u0131\u015f\u0131yor Olmas\u0131 Kad\u0131n Lehine Nafakaya H\u00fckmedilmesine Engel De\u011fildir. - Esmeray Hukuk B\u00fcrosu","description":"Erkek \u00e7al\u0131\u015fm\u0131yor ve geliri de yoksa, buna kar\u015f\u0131l\u0131k kad\u0131n \u00e7al\u0131\u015f\u0131yorsa, bu durum kad\u0131na nafaka ba\u011flanmas\u0131na engel de\u011fildir.","robots":{"index":"index","follow":"follow","max-snippet":"max-snippet:-1","max-image-preview":"max-image-preview:large","max-video-preview":"max-video-preview:-1"},"canonical":"https:\/\/esmeraylaw.com\/tr\/kadinin-calisiyor-olmasi-erkegin-gelirinin-olmamasi-kadin-yararina-nafakaya-engel-degil\/","og_locale":"tr_TR","og_type":"article","og_title":"Erke\u011fin Gelirinin Olmamas\u0131 ve Kad\u0131n\u0131n \u00c7al\u0131\u015f\u0131yor Olmas\u0131 Kad\u0131n Lehine Nafakaya H\u00fckmedilmesine Engel De\u011fildir. - Esmeray Hukuk B\u00fcrosu","og_description":"Erkek \u00e7al\u0131\u015fm\u0131yor ve geliri de yoksa, buna kar\u015f\u0131l\u0131k kad\u0131n \u00e7al\u0131\u015f\u0131yorsa, bu durum kad\u0131na nafaka ba\u011flanmas\u0131na engel de\u011fildir.","og_url":"https:\/\/esmeraylaw.com\/tr\/kadinin-calisiyor-olmasi-erkegin-gelirinin-olmamasi-kadin-yararina-nafakaya-engel-degil\/","og_site_name":"Esmeray Hukuk B\u00fcrosu","article_publisher":"https:\/\/www.facebook.com\/esmeraylaw","article_published_time":"2021-10-14T21:05:35+00:00","og_image":[{"width":122,"height":65,"url":"https:\/\/esmeraylaw.com\/tr\/wp-content\/uploads\/2020\/09\/logo.jpg","type":"image\/jpeg"}],"author":"Fehmi Esmeray","twitter_card":"summary_large_image","twitter_creator":"@EsmerayLaw","twitter_site":"@EsmerayLaw","twitter_misc":{"Yazan:":"Fehmi Esmeray","Tahmini okuma s\u00fcresi":"6 dakika"},"schema":{"@context":"https:\/\/schema.org","@graph":[{"@type":"Article","@id":"https:\/\/esmeraylaw.com\/tr\/kadinin-calisiyor-olmasi-erkegin-gelirinin-olmamasi-kadin-yararina-nafakaya-engel-degil\/#article","isPartOf":{"@id":"https:\/\/esmeraylaw.com\/tr\/kadinin-calisiyor-olmasi-erkegin-gelirinin-olmamasi-kadin-yararina-nafakaya-engel-degil\/"},"author":{"name":"Fehmi Esmeray","@id":"https:\/\/esmeraylaw.com\/tr\/#\/schema\/person\/99f6451f0a330c75209277c8c8e674f4"},"headline":"Erke\u011fin Gelirinin Olmamas\u0131 ve Kad\u0131n\u0131n \u00c7al\u0131\u015f\u0131yor Olmas\u0131 Kad\u0131n Lehine Nafakaya H\u00fckmedilmesine Engel De\u011fildir.","datePublished":"2021-10-14T21:05:35+00:00","mainEntityOfPage":{"@id":"https:\/\/esmeraylaw.com\/tr\/kadinin-calisiyor-olmasi-erkegin-gelirinin-olmamasi-kadin-yararina-nafakaya-engel-degil\/"},"wordCount":1760,"commentCount":0,"publisher":{"@id":"https:\/\/esmeraylaw.com\/tr\/#organization"},"articleSection":["Ictihat"],"inLanguage":"tr","potentialAction":[{"@type":"CommentAction","name":"Comment","target":["https:\/\/esmeraylaw.com\/tr\/kadinin-calisiyor-olmasi-erkegin-gelirinin-olmamasi-kadin-yararina-nafakaya-engel-degil\/#respond"]}]},{"@type":"WebPage","@id":"https:\/\/esmeraylaw.com\/tr\/kadinin-calisiyor-olmasi-erkegin-gelirinin-olmamasi-kadin-yararina-nafakaya-engel-degil\/","url":"https:\/\/esmeraylaw.com\/tr\/kadinin-calisiyor-olmasi-erkegin-gelirinin-olmamasi-kadin-yararina-nafakaya-engel-degil\/","name":"Erke\u011fin Gelirinin Olmamas\u0131 ve Kad\u0131n\u0131n \u00c7al\u0131\u015f\u0131yor Olmas\u0131 Kad\u0131n Lehine Nafakaya H\u00fckmedilmesine Engel De\u011fildir. - Esmeray Hukuk B\u00fcrosu","isPartOf":{"@id":"https:\/\/esmeraylaw.com\/tr\/#website"},"datePublished":"2021-10-14T21:05:35+00:00","description":"Erkek \u00e7al\u0131\u015fm\u0131yor ve geliri de yoksa, buna kar\u015f\u0131l\u0131k kad\u0131n \u00e7al\u0131\u015f\u0131yorsa, bu durum kad\u0131na nafaka ba\u011flanmas\u0131na engel de\u011fildir.","breadcrumb":{"@id":"https:\/\/esmeraylaw.com\/tr\/kadinin-calisiyor-olmasi-erkegin-gelirinin-olmamasi-kadin-yararina-nafakaya-engel-degil\/#breadcrumb"},"inLanguage":"tr","potentialAction":[{"@type":"ReadAction","target":["https:\/\/esmeraylaw.com\/tr\/kadinin-calisiyor-olmasi-erkegin-gelirinin-olmamasi-kadin-yararina-nafakaya-engel-degil\/"]}]},{"@type":"BreadcrumbList","@id":"https:\/\/esmeraylaw.com\/tr\/kadinin-calisiyor-olmasi-erkegin-gelirinin-olmamasi-kadin-yararina-nafakaya-engel-degil\/#breadcrumb","itemListElement":[{"@type":"ListItem","position":1,"name":"Ana sayfa","item":"https:\/\/esmeraylaw.com\/tr\/"},{"@type":"ListItem","position":2,"name":"Erke\u011fin Gelirinin Olmamas\u0131 ve Kad\u0131n\u0131n \u00c7al\u0131\u015f\u0131yor Olmas\u0131 Kad\u0131n Lehine Nafakaya H\u00fckmedilmesine Engel De\u011fildir."}]},{"@type":"WebSite","@id":"https:\/\/esmeraylaw.com\/tr\/#website","url":"https:\/\/esmeraylaw.com\/tr\/","name":"Esmeray Hukuk B\u00fcrosu","description":"Ticaret Hukuku Avukat\u0131","publisher":{"@id":"https:\/\/esmeraylaw.com\/tr\/#organization"},"potentialAction":[{"@type":"SearchAction","target":{"@type":"EntryPoint","urlTemplate":"https:\/\/esmeraylaw.com\/tr\/?s={search_term_string}"},"query-input":{"@type":"PropertyValueSpecification","valueRequired":true,"valueName":"search_term_string"}}],"inLanguage":"tr"},{"@type":"Organization","@id":"https:\/\/esmeraylaw.com\/tr\/#organization","name":"Esmeray Hukuk B\u00fcrosu","url":"https:\/\/esmeraylaw.com\/tr\/","logo":{"@type":"ImageObject","inLanguage":"tr","@id":"https:\/\/esmeraylaw.com\/tr\/#\/schema\/logo\/image\/","url":"https:\/\/esmeraylaw.com\/tr\/wp-content\/uploads\/2020\/09\/logo.jpg","contentUrl":"https:\/\/esmeraylaw.com\/tr\/wp-content\/uploads\/2020\/09\/logo.jpg","width":122,"height":65,"caption":"Esmeray Hukuk B\u00fcrosu"},"image":{"@id":"https:\/\/esmeraylaw.com\/tr\/#\/schema\/logo\/image\/"},"sameAs":["https:\/\/www.facebook.com\/esmeraylaw","https:\/\/x.com\/EsmerayLaw","https:\/\/www.instagram.com\/esmerayhukukburosu","https:\/\/www.linkedin.com\/in\/esmeraylaw"]},{"@type":"Person","@id":"https:\/\/esmeraylaw.com\/tr\/#\/schema\/person\/99f6451f0a330c75209277c8c8e674f4","name":"Fehmi Esmeray","image":{"@type":"ImageObject","inLanguage":"tr","@id":"https:\/\/secure.gravatar.com\/avatar\/1146e0f4e56c81d3812c7a51f07c3adc714b2b130ac895b2d8ab9a22d23e10a7?s=96&d=mm&r=g","url":"https:\/\/secure.gravatar.com\/avatar\/1146e0f4e56c81d3812c7a51f07c3adc714b2b130ac895b2d8ab9a22d23e10a7?s=96&d=mm&r=g","contentUrl":"https:\/\/secure.gravatar.com\/avatar\/1146e0f4e56c81d3812c7a51f07c3adc714b2b130ac895b2d8ab9a22d23e10a7?s=96&d=mm&r=g","caption":"Fehmi Esmeray"},"url":"https:\/\/esmeraylaw.com\/tr\/author\/eslaw\/"}]}},"_links":{"self":[{"href":"https:\/\/esmeraylaw.com\/tr\/wp-json\/wp\/v2\/posts\/204","targetHints":{"allow":["GET"]}}],"collection":[{"href":"https:\/\/esmeraylaw.com\/tr\/wp-json\/wp\/v2\/posts"}],"about":[{"href":"https:\/\/esmeraylaw.com\/tr\/wp-json\/wp\/v2\/types\/post"}],"author":[{"embeddable":true,"href":"https:\/\/esmeraylaw.com\/tr\/wp-json\/wp\/v2\/users\/2"}],"replies":[{"embeddable":true,"href":"https:\/\/esmeraylaw.com\/tr\/wp-json\/wp\/v2\/comments?post=204"}],"version-history":[{"count":0,"href":"https:\/\/esmeraylaw.com\/tr\/wp-json\/wp\/v2\/posts\/204\/revisions"}],"wp:attachment":[{"href":"https:\/\/esmeraylaw.com\/tr\/wp-json\/wp\/v2\/media?parent=204"}],"wp:term":[{"taxonomy":"category","embeddable":true,"href":"https:\/\/esmeraylaw.com\/tr\/wp-json\/wp\/v2\/categories?post=204"},{"taxonomy":"post_tag","embeddable":true,"href":"https:\/\/esmeraylaw.com\/tr\/wp-json\/wp\/v2\/tags?post=204"}],"curies":[{"name":"wp","href":"https:\/\/api.w.org\/{rel}","templated":true}]}}